{"id":1395,"date":"2015-04-28T10:30:34","date_gmt":"2015-04-28T09:30:34","guid":{"rendered":"http:\/\/blog.xarxa-omnia.org\/laseu\/?p=1395"},"modified":"2015-04-28T10:31:46","modified_gmt":"2015-04-28T09:31:46","slug":"sant-jordi-i-els-punts-de-llibre","status":"publish","type":"post","link":"https:\/\/bloc.xarxa-omnia.org\/laseu\/2015\/04\/28\/sant-jordi-i-els-punts-de-llibre\/","title":{"rendered":"Sant Jordi i els punts de llibre!"},"content":{"rendered":"<p>Ara ja fa anys que des del Punt \u00d2mnia de la Seu,\u00a0 quan arriba la setmana de Sant Jordi , mirem de preparar activitats relacionades amb la diada.<\/p>\n<p>Normalment fent punts de llibre, per\u00f2 depenent del grup com ara Taller Claror o els nens i nenes d&#8217;\u00d2mniaKids, a m\u00e9s hi treballem amb la llegenda, fem jocs..etc.<\/p>\n<p>Aquest any sobretot hem fet punts de llibre per poder regalar, amb els grups que treballen el processador de text i tamb\u00e9 persones que han vingut a fer l&#8217;activitat concretament.<\/p>\n<p>Us deixo aqu\u00ed unes imatges del treball fet<\/p>\n<p>Punts de llibre fets amb el Gimp- Grup \u00d2mniaKids<\/p>\n<p><a href=\"http:\/\/xarxaomnia.gencat.cat\/blocs\/laseu\/files\/2015\/04\/collage.jpg\"><img loading=\"lazy\" decoding=\"async\" class=\"alignnone size-medium wp-image-1396\" src=\"http:\/\/xarxaomnia.gencat.cat\/blocs\/laseu\/files\/2015\/04\/collage-300x60.jpg\" alt=\"collage\" width=\"300\" height=\"60\" srcset=\"https:\/\/bloc.xarxa-omnia.org\/laseu\/files\/2015\/04\/collage-300x60.jpg 300w, https:\/\/bloc.xarxa-omnia.org\/laseu\/files\/2015\/04\/collage-1024x205.jpg 1024w, https:\/\/bloc.xarxa-omnia.org\/laseu\/files\/2015\/04\/collage.jpg 1200w\" sizes=\"auto, (max-width: 300px) 100vw, 300px\" \/><\/a><\/p>\n<p>Punts de llibre fets pel Taller Claror i per la resta de participants<\/p>\n<p><a href=\"http:\/\/xarxaomnia.gencat.cat\/blocs\/laseu\/files\/2015\/04\/collage-Sant-Jordi.jpg\"><img loading=\"lazy\" decoding=\"async\" class=\"alignnone size-medium wp-image-1397\" src=\"http:\/\/xarxaomnia.gencat.cat\/blocs\/laseu\/files\/2015\/04\/collage-Sant-Jordi-300x285.jpg\" alt=\"collage Sant Jordi\" width=\"300\" height=\"285\" srcset=\"https:\/\/bloc.xarxa-omnia.org\/laseu\/files\/2015\/04\/collage-Sant-Jordi-300x285.jpg 300w, https:\/\/bloc.xarxa-omnia.org\/laseu\/files\/2015\/04\/collage-Sant-Jordi-1024x973.jpg 1024w, https:\/\/bloc.xarxa-omnia.org\/laseu\/files\/2015\/04\/collage-Sant-Jordi.jpg 1200w\" sizes=\"auto, (max-width: 300px) 100vw, 300px\" \/><\/a><\/p>\n<p>&nbsp;<\/p>\n<p>&nbsp;<\/p>\n","protected":false},"excerpt":{"rendered":"<p>Ara ja fa anys que des del Punt \u00d2mnia de la Seu,\u00a0 quan arriba la setmana de Sant Jordi , mirem de preparar activitats relacionades amb la diada. Normalment fent punts de llibre, per\u00f2 depenent del grup com ara Taller Claror o els nens i nenes d&#8217;\u00d2mniaKids, a m\u00e9s hi treballem amb la llegenda, fem [&hellip;]<\/p>\n","protected":false},"author":92,"featured_media":0,"comment_status":"open","ping_status":"open","sticky":false,"template":"","format":"standard","meta":{"ngg_post_thumbnail":0,"footnotes":""},"categories":[1],"tags":[],"class_list":["post-1395","post","type-post","status-publish","format-standard","hentry","category-general"],"_links":{"self":[{"href":"https:\/\/bloc.xarxa-omnia.org\/laseu\/wp-json\/wp\/v2\/posts\/1395","targetHints":{"allow":["GET"]}}],"collection":[{"href":"https:\/\/bloc.xarxa-omnia.org\/laseu\/wp-json\/wp\/v2\/posts"}],"about":[{"href":"https:\/\/bloc.xarxa-omnia.org\/laseu\/wp-json\/wp\/v2\/types\/post"}],"author":[{"embeddable":true,"href":"https:\/\/bloc.xarxa-omnia.org\/laseu\/wp-json\/wp\/v2\/users\/92"}],"replies":[{"embeddable":true,"href":"https:\/\/bloc.xarxa-omnia.org\/laseu\/wp-json\/wp\/v2\/comments?post=1395"}],"version-history":[{"count":3,"href":"https:\/\/bloc.xarxa-omnia.org\/laseu\/wp-json\/wp\/v2\/posts\/1395\/revisions"}],"predecessor-version":[{"id":1400,"href":"https:\/\/bloc.xarxa-omnia.org\/laseu\/wp-json\/wp\/v2\/posts\/1395\/revisions\/1400"}],"wp:attachment":[{"href":"https:\/\/bloc.xarxa-omnia.org\/laseu\/wp-json\/wp\/v2\/media?parent=1395"}],"wp:term":[{"taxonomy":"category","embeddable":true,"href":"https:\/\/bloc.xarxa-omnia.org\/laseu\/wp-json\/wp\/v2\/categories?post=1395"},{"taxonomy":"post_tag","embeddable":true,"href":"https:\/\/bloc.xarxa-omnia.org\/laseu\/wp-json\/wp\/v2\/tags?post=1395"}],"curies":[{"name":"wp","href":"https:\/\/api.w.org\/{rel}","templated":true}]}}