{"id":1448,"date":"2015-10-07T16:23:18","date_gmt":"2015-10-07T15:23:18","guid":{"rendered":"http:\/\/blog.xarxa-omnia.org\/laseu\/?p=1448"},"modified":"2015-10-07T16:23:18","modified_gmt":"2015-10-07T15:23:18","slug":"magrada-la-gent-gran","status":"publish","type":"post","link":"https:\/\/bloc.xarxa-omnia.org\/laseu\/2015\/10\/07\/magrada-la-gent-gran\/","title":{"rendered":"M&#8217;Agrada&#8230;, la Gent Gran!!"},"content":{"rendered":"<p>Hem tornat a programar un taller per al col\u00b7lectiu de la Gent Gran.<\/p>\n<p>Aquesta vegada \u00e9s un taller de xarxes socials, per treballar sobretot amb Facebook i tamb\u00e9 aprendre el funcionament de Skype. L&#8217;objectiu principal \u00e9s donar a con\u00e8ixer aquesta <span class=\"hiddenGreenError\">super<\/span> famosa eina, per\u00f2 que siguin capa\u00e7os de fer-la anar de forma segura, que siguin capa\u00e7os d&#8217;aprendre el tema de la privacitat i de la identitat digital abans de pujar una foto, escriure un comentari o fer un m&#8217;agrada!<\/p>\n<p>El taller comen\u00e7a el 22 d&#8217;octubre i per fer les inscripcions us heu de dirigir a l&#8217;<span class=\"hiddenSpellError\">Oac<\/span> (Oficina d&#8217;Atenci\u00f3 al Ciutad\u00e0) de l&#8217;Ajuntament de la Seu d&#8217;Urgell a partir de les 9 del mat\u00ed del 13 a 16 d&#8217;octubre.<\/p>\n<p><a href=\"http:\/\/xarxaomnia.gencat.cat\/blocs\/laseu\/files\/2015\/10\/Cartell-curs-tardor.jpg\"><img loading=\"lazy\" decoding=\"async\" class=\"alignnone size-medium wp-image-1450\" src=\"http:\/\/xarxaomnia.gencat.cat\/blocs\/laseu\/files\/2015\/10\/Cartell-curs-tardor-212x300.jpg\" alt=\"Cartell curs tardor\" width=\"212\" height=\"300\" srcset=\"https:\/\/bloc.xarxa-omnia.org\/laseu\/files\/2015\/10\/Cartell-curs-tardor-212x300.jpg 212w, https:\/\/bloc.xarxa-omnia.org\/laseu\/files\/2015\/10\/Cartell-curs-tardor-724x1024.jpg 724w, https:\/\/bloc.xarxa-omnia.org\/laseu\/files\/2015\/10\/Cartell-curs-tardor.jpg 1169w\" sizes=\"auto, (max-width: 212px) 100vw, 212px\" \/><\/a><\/p>\n","protected":false},"excerpt":{"rendered":"<p>Hem tornat a programar un taller per al col\u00b7lectiu de la Gent Gran. Aquesta vegada \u00e9s un taller de xarxes socials, per treballar sobretot amb Facebook i tamb\u00e9 aprendre el funcionament de Skype. L&#8217;objectiu principal \u00e9s donar a con\u00e8ixer aquesta super famosa eina, per\u00f2 que siguin capa\u00e7os de fer-la anar de forma segura, que siguin [&hellip;]<\/p>\n","protected":false},"author":92,"featured_media":0,"comment_status":"open","ping_status":"open","sticky":false,"template":"","format":"standard","meta":{"ngg_post_thumbnail":0,"footnotes":""},"categories":[1],"tags":[],"class_list":["post-1448","post","type-post","status-publish","format-standard","hentry","category-general"],"_links":{"self":[{"href":"https:\/\/bloc.xarxa-omnia.org\/laseu\/wp-json\/wp\/v2\/posts\/1448","targetHints":{"allow":["GET"]}}],"collection":[{"href":"https:\/\/bloc.xarxa-omnia.org\/laseu\/wp-json\/wp\/v2\/posts"}],"about":[{"href":"https:\/\/bloc.xarxa-omnia.org\/laseu\/wp-json\/wp\/v2\/types\/post"}],"author":[{"embeddable":true,"href":"https:\/\/bloc.xarxa-omnia.org\/laseu\/wp-json\/wp\/v2\/users\/92"}],"replies":[{"embeddable":true,"href":"https:\/\/bloc.xarxa-omnia.org\/laseu\/wp-json\/wp\/v2\/comments?post=1448"}],"version-history":[{"count":1,"href":"https:\/\/bloc.xarxa-omnia.org\/laseu\/wp-json\/wp\/v2\/posts\/1448\/revisions"}],"predecessor-version":[{"id":1451,"href":"https:\/\/bloc.xarxa-omnia.org\/laseu\/wp-json\/wp\/v2\/posts\/1448\/revisions\/1451"}],"wp:attachment":[{"href":"https:\/\/bloc.xarxa-omnia.org\/laseu\/wp-json\/wp\/v2\/media?parent=1448"}],"wp:term":[{"taxonomy":"category","embeddable":true,"href":"https:\/\/bloc.xarxa-omnia.org\/laseu\/wp-json\/wp\/v2\/categories?post=1448"},{"taxonomy":"post_tag","embeddable":true,"href":"https:\/\/bloc.xarxa-omnia.org\/laseu\/wp-json\/wp\/v2\/tags?post=1448"}],"curies":[{"name":"wp","href":"https:\/\/api.w.org\/{rel}","templated":true}]}}