{"id":1459,"date":"2015-11-25T10:20:22","date_gmt":"2015-11-25T09:20:22","guid":{"rendered":"http:\/\/blog.xarxa-omnia.org\/laseu\/?p=1459"},"modified":"2015-11-25T15:41:22","modified_gmt":"2015-11-25T14:41:22","slug":"25n","status":"publish","type":"post","link":"https:\/\/bloc.xarxa-omnia.org\/laseu\/2015\/11\/25\/25n\/","title":{"rendered":"25N"},"content":{"rendered":"<p>Com cada any l&#8217;<span class=\"hiddenSpellError\">\u00d2mnia<\/span> de la Seu d&#8217;Urgell <span class=\"hiddenGreenError\">es<\/span> suma a la campanya Contra la Viol\u00e8ncia de G\u00e8nere. Us deixem un enlla\u00e7 amb les activitats que es faran a la Seu.<\/p>\n<p><a href=\"http:\/\/www.laseu.cat\/news\/la-seu-durgell-celebra-lacte-central-per-commemorar-el-dia-internacional-per-a-leliminacio-de-la-violencia-masclista\" target=\"_blank\">http:\/\/www.laseu.cat\/news\/la-seu-durgell-celebra-lacte-central-per-commemorar-el-dia-internacional-per-a-leliminacio-de-la-violencia-masclista<\/a><\/p>\n<p>Hem de continuar lluitant per eradicar la viol\u00e8ncia arreu.<\/p>\n<p><a href=\"http:\/\/xarxaomnia.gencat.cat\/blocs\/laseu\/files\/2015\/11\/mano-violeta.jpg\"><img loading=\"lazy\" decoding=\"async\" class=\"alignnone size-medium wp-image-1464\" src=\"http:\/\/xarxaomnia.gencat.cat\/blocs\/laseu\/files\/2015\/11\/mano-violeta-300x300.jpg\" alt=\"mano-violeta\" width=\"300\" height=\"300\" srcset=\"https:\/\/bloc.xarxa-omnia.org\/laseu\/files\/2015\/11\/mano-violeta-300x300.jpg 300w, https:\/\/bloc.xarxa-omnia.org\/laseu\/files\/2015\/11\/mano-violeta-150x150.jpg 150w, https:\/\/bloc.xarxa-omnia.org\/laseu\/files\/2015\/11\/mano-violeta.jpg 400w\" sizes=\"auto, (max-width: 300px) 100vw, 300px\" \/><\/a><\/p>\n<p>&nbsp;<\/p>\n<p>&nbsp;<\/p>\n<p>&nbsp;<\/p>\n","protected":false},"excerpt":{"rendered":"<p>Com cada any l&#8217;\u00d2mnia de la Seu d&#8217;Urgell es suma a la campanya Contra la Viol\u00e8ncia de G\u00e8nere. Us deixem un enlla\u00e7 amb les activitats que es faran a la Seu. http:\/\/www.laseu.cat\/news\/la-seu-durgell-celebra-lacte-central-per-commemorar-el-dia-internacional-per-a-leliminacio-de-la-violencia-masclista Hem de continuar lluitant per eradicar la viol\u00e8ncia arreu. &nbsp; &nbsp; &nbsp;<\/p>\n","protected":false},"author":92,"featured_media":0,"comment_status":"open","ping_status":"open","sticky":false,"template":"","format":"standard","meta":{"ngg_post_thumbnail":0,"footnotes":""},"categories":[1],"tags":[],"class_list":["post-1459","post","type-post","status-publish","format-standard","hentry","category-general"],"_links":{"self":[{"href":"https:\/\/bloc.xarxa-omnia.org\/laseu\/wp-json\/wp\/v2\/posts\/1459","targetHints":{"allow":["GET"]}}],"collection":[{"href":"https:\/\/bloc.xarxa-omnia.org\/laseu\/wp-json\/wp\/v2\/posts"}],"about":[{"href":"https:\/\/bloc.xarxa-omnia.org\/laseu\/wp-json\/wp\/v2\/types\/post"}],"author":[{"embeddable":true,"href":"https:\/\/bloc.xarxa-omnia.org\/laseu\/wp-json\/wp\/v2\/users\/92"}],"replies":[{"embeddable":true,"href":"https:\/\/bloc.xarxa-omnia.org\/laseu\/wp-json\/wp\/v2\/comments?post=1459"}],"version-history":[{"count":5,"href":"https:\/\/bloc.xarxa-omnia.org\/laseu\/wp-json\/wp\/v2\/posts\/1459\/revisions"}],"predecessor-version":[{"id":1465,"href":"https:\/\/bloc.xarxa-omnia.org\/laseu\/wp-json\/wp\/v2\/posts\/1459\/revisions\/1465"}],"wp:attachment":[{"href":"https:\/\/bloc.xarxa-omnia.org\/laseu\/wp-json\/wp\/v2\/media?parent=1459"}],"wp:term":[{"taxonomy":"category","embeddable":true,"href":"https:\/\/bloc.xarxa-omnia.org\/laseu\/wp-json\/wp\/v2\/categories?post=1459"},{"taxonomy":"post_tag","embeddable":true,"href":"https:\/\/bloc.xarxa-omnia.org\/laseu\/wp-json\/wp\/v2\/tags?post=1459"}],"curies":[{"name":"wp","href":"https:\/\/api.w.org\/{rel}","templated":true}]}}