{"id":1497,"date":"2016-03-23T11:39:48","date_gmt":"2016-03-23T10:39:48","guid":{"rendered":"http:\/\/xarxaomnia.gencat.cat\/blocs\/laseu\/?p=1497"},"modified":"2016-04-05T07:28:04","modified_gmt":"2016-04-05T06:28:04","slug":"noves-formacions-a-lomnia-de-la-seu","status":"publish","type":"post","link":"https:\/\/bloc.xarxa-omnia.org\/laseu\/2016\/03\/23\/noves-formacions-a-lomnia-de-la-seu\/","title":{"rendered":"Noves formacions a l&#8217;\u00d2mnia de La Seu"},"content":{"rendered":"<p>I amb la primavera arriben els nous tallers programats pel mes d\u2019abril.<br \/>\nEls tallers estan a oberts a tothom, sense l\u00edmit d\u2019edat.<br \/>\nEstiguis atent de les dates d\u2019inscripci\u00f3, aquestes com sempre poden ser telem\u00e0tiques o a trav\u00e9s de la web<a href=\"http:\/\/www.laseu.cat\/tramits-i-serveis\/inscripcions\"> www.laseu.cat\/tramits-i-serveis\/inscripcions<\/a> a partir de les 9 del mat\u00ed el dia 5 d\u2019abril, o b\u00e9 de forma presencial, el dia 7 d\u2019abril a partir de les 9 del mat\u00ed a l&#8217;<span class=\"hiddenSpellError\">Oac<\/span> (Oficina d&#8217;Atenci\u00f3 al Ciutad\u00e0) de l&#8217;Ajuntament.<br \/>\nRecorda que les inscripcions s\u00f3n per ordre d\u2019arribada i que es far\u00e0 una inscripci\u00f3 per persona i curs.<br \/>\nTots els tallers comen\u00e7aran la setmana del 25 d\u2019abril.<\/p>\n<p>Tens tallers de correu, <span class=\"hiddenSpellError\">smartphones<\/span>, tauletes, xarxes socials\u2026de tot una mica per a qu\u00e8 puguis formar-te.<br \/>\nApa, som-hi!!<\/p>\n<p><a href=\"http:\/\/xarxaomnia.gencat.cat\/blocs\/laseu\/files\/2016\/03\/Cartell-abril-juny-corregit-1.jpg\" rel=\"attachment wp-att-1505\"><img loading=\"lazy\" decoding=\"async\" class=\"alignnone size-medium wp-image-1505\" src=\"http:\/\/xarxaomnia.gencat.cat\/blocs\/laseu\/files\/2016\/03\/Cartell-abril-juny-corregit-1-212x300.jpg\" alt=\"Cartell abril-juny corregit\" width=\"212\" height=\"300\" srcset=\"https:\/\/bloc.xarxa-omnia.org\/laseu\/files\/2016\/03\/Cartell-abril-juny-corregit-1-212x300.jpg 212w, https:\/\/bloc.xarxa-omnia.org\/laseu\/files\/2016\/03\/Cartell-abril-juny-corregit-1-768x1087.jpg 768w, https:\/\/bloc.xarxa-omnia.org\/laseu\/files\/2016\/03\/Cartell-abril-juny-corregit-1-724x1024.jpg 724w, https:\/\/bloc.xarxa-omnia.org\/laseu\/files\/2016\/03\/Cartell-abril-juny-corregit-1.jpg 1169w\" sizes=\"auto, (max-width: 212px) 100vw, 212px\" \/><\/a><\/p>\n","protected":false},"excerpt":{"rendered":"<p>I amb la primavera arriben els nous tallers programats pel mes d\u2019abril. Els tallers estan a oberts a tothom, sense l\u00edmit d\u2019edat. Estiguis atent de les dates d\u2019inscripci\u00f3, aquestes com sempre poden ser telem\u00e0tiques o a trav\u00e9s de la web www.laseu.cat\/tramits-i-serveis\/inscripcions a partir de les 9 del mat\u00ed el dia 5 d\u2019abril, o b\u00e9 de [&hellip;]<\/p>\n","protected":false},"author":92,"featured_media":0,"comment_status":"open","ping_status":"open","sticky":false,"template":"","format":"standard","meta":{"ngg_post_thumbnail":0,"footnotes":""},"categories":[1],"tags":[],"class_list":["post-1497","post","type-post","status-publish","format-standard","hentry","category-general"],"_links":{"self":[{"href":"https:\/\/bloc.xarxa-omnia.org\/laseu\/wp-json\/wp\/v2\/posts\/1497","targetHints":{"allow":["GET"]}}],"collection":[{"href":"https:\/\/bloc.xarxa-omnia.org\/laseu\/wp-json\/wp\/v2\/posts"}],"about":[{"href":"https:\/\/bloc.xarxa-omnia.org\/laseu\/wp-json\/wp\/v2\/types\/post"}],"author":[{"embeddable":true,"href":"https:\/\/bloc.xarxa-omnia.org\/laseu\/wp-json\/wp\/v2\/users\/92"}],"replies":[{"embeddable":true,"href":"https:\/\/bloc.xarxa-omnia.org\/laseu\/wp-json\/wp\/v2\/comments?post=1497"}],"version-history":[{"count":3,"href":"https:\/\/bloc.xarxa-omnia.org\/laseu\/wp-json\/wp\/v2\/posts\/1497\/revisions"}],"predecessor-version":[{"id":1506,"href":"https:\/\/bloc.xarxa-omnia.org\/laseu\/wp-json\/wp\/v2\/posts\/1497\/revisions\/1506"}],"wp:attachment":[{"href":"https:\/\/bloc.xarxa-omnia.org\/laseu\/wp-json\/wp\/v2\/media?parent=1497"}],"wp:term":[{"taxonomy":"category","embeddable":true,"href":"https:\/\/bloc.xarxa-omnia.org\/laseu\/wp-json\/wp\/v2\/categories?post=1497"},{"taxonomy":"post_tag","embeddable":true,"href":"https:\/\/bloc.xarxa-omnia.org\/laseu\/wp-json\/wp\/v2\/tags?post=1497"}],"curies":[{"name":"wp","href":"https:\/\/api.w.org\/{rel}","templated":true}]}}