{"id":1526,"date":"2016-06-27T12:49:54","date_gmt":"2016-06-27T11:49:54","guid":{"rendered":"http:\/\/xarxaomnia.gencat.cat\/blocs\/laseu\/?p=1526"},"modified":"2016-06-27T12:50:13","modified_gmt":"2016-06-27T11:50:13","slug":"i-com-diuen-no-se-vayan-todavia-aun-hay-mas","status":"publish","type":"post","link":"https:\/\/bloc.xarxa-omnia.org\/laseu\/2016\/06\/27\/i-com-diuen-no-se-vayan-todavia-aun-hay-mas\/","title":{"rendered":"I com diu la frase &#8220;No se vayan todav\u00eda , a\u00fan hay m\u00e1s!!&#8221;"},"content":{"rendered":"<p>Fa 15 anys l&#8217;\u00d2mnia de la Seu va obrir portes,\u00a0 jo en porto 13 participant d&#8217;aquest gran projecte. Ja fa 13 anys que fem entrega de diplomes, un dia molt especial per mi.<\/p>\n<p>Gr\u00e0cies Albert Batalla, gr\u00e0cies Anna Vives pel suport, gr\u00e0cies Miquel Alet i Sarai Gomez per compartir i treballar amb aquest nou repte de l&#8217;\u00d2mniaKids, i gr\u00e0cies a tots vosaltres per ser-hi, per voler aprendre, per la vostra paci\u00e8ncia i generositat, l&#8217;\u00d2mnia \u00e9s un espai amb vida.<\/p>\n<p><a href=\"http:\/\/xarxaomnia.gencat.cat\/blocs\/laseu\/files\/2016\/06\/Foto-final.jpg\" rel=\"attachment wp-att-1527\"><img loading=\"lazy\" decoding=\"async\" class=\"alignnone size-medium wp-image-1527\" src=\"http:\/\/xarxaomnia.gencat.cat\/blocs\/laseu\/files\/2016\/06\/Foto-final-300x200.jpg\" alt=\"Foto final\" width=\"300\" height=\"200\" srcset=\"https:\/\/bloc.xarxa-omnia.org\/laseu\/files\/2016\/06\/Foto-final-300x200.jpg 300w, https:\/\/bloc.xarxa-omnia.org\/laseu\/files\/2016\/06\/Foto-final-768x512.jpg 768w, https:\/\/bloc.xarxa-omnia.org\/laseu\/files\/2016\/06\/Foto-final.jpg 800w\" sizes=\"auto, (max-width: 300px) 100vw, 300px\" \/><\/a><\/p>\n<p>Recordeu que estem amb contacte durant l&#8217;estiu.<\/p>\n<p>Bon estiu a tothom i fins la tornada!!<\/p>\n<p>#Punt\u00d2mnia #laSeu #formaci\u00f3 #Tic<\/p>\n","protected":false},"excerpt":{"rendered":"<p>Fa 15 anys l&#8217;\u00d2mnia de la Seu va obrir portes,\u00a0 jo en porto 13 participant d&#8217;aquest gran projecte. Ja fa 13 anys que fem entrega de diplomes, un dia molt especial per mi. Gr\u00e0cies Albert Batalla, gr\u00e0cies Anna Vives pel suport, gr\u00e0cies Miquel Alet i Sarai Gomez per compartir i treballar amb aquest nou repte [&hellip;]<\/p>\n","protected":false},"author":92,"featured_media":0,"comment_status":"open","ping_status":"open","sticky":false,"template":"","format":"standard","meta":{"ngg_post_thumbnail":0,"footnotes":""},"categories":[1],"tags":[],"class_list":["post-1526","post","type-post","status-publish","format-standard","hentry","category-general"],"_links":{"self":[{"href":"https:\/\/bloc.xarxa-omnia.org\/laseu\/wp-json\/wp\/v2\/posts\/1526","targetHints":{"allow":["GET"]}}],"collection":[{"href":"https:\/\/bloc.xarxa-omnia.org\/laseu\/wp-json\/wp\/v2\/posts"}],"about":[{"href":"https:\/\/bloc.xarxa-omnia.org\/laseu\/wp-json\/wp\/v2\/types\/post"}],"author":[{"embeddable":true,"href":"https:\/\/bloc.xarxa-omnia.org\/laseu\/wp-json\/wp\/v2\/users\/92"}],"replies":[{"embeddable":true,"href":"https:\/\/bloc.xarxa-omnia.org\/laseu\/wp-json\/wp\/v2\/comments?post=1526"}],"version-history":[{"count":2,"href":"https:\/\/bloc.xarxa-omnia.org\/laseu\/wp-json\/wp\/v2\/posts\/1526\/revisions"}],"predecessor-version":[{"id":1529,"href":"https:\/\/bloc.xarxa-omnia.org\/laseu\/wp-json\/wp\/v2\/posts\/1526\/revisions\/1529"}],"wp:attachment":[{"href":"https:\/\/bloc.xarxa-omnia.org\/laseu\/wp-json\/wp\/v2\/media?parent=1526"}],"wp:term":[{"taxonomy":"category","embeddable":true,"href":"https:\/\/bloc.xarxa-omnia.org\/laseu\/wp-json\/wp\/v2\/categories?post=1526"},{"taxonomy":"post_tag","embeddable":true,"href":"https:\/\/bloc.xarxa-omnia.org\/laseu\/wp-json\/wp\/v2\/tags?post=1526"}],"curies":[{"name":"wp","href":"https:\/\/api.w.org\/{rel}","templated":true}]}}