{"id":1536,"date":"2016-07-20T08:30:00","date_gmt":"2016-07-20T07:30:00","guid":{"rendered":"http:\/\/xarxaomnia.gencat.cat\/blocs\/laseu\/?p=1536"},"modified":"2016-07-20T08:30:00","modified_gmt":"2016-07-20T07:30:00","slug":"taller-intensiu-dinternet-i-seguretat-a-la-xarxa-adrecat-a-la-gent-gran-al-punt-omnia-de-la-seu-durgell","status":"publish","type":"post","link":"https:\/\/bloc.xarxa-omnia.org\/laseu\/2016\/07\/20\/taller-intensiu-dinternet-i-seguretat-a-la-xarxa-adrecat-a-la-gent-gran-al-punt-omnia-de-la-seu-durgell\/","title":{"rendered":"Taller intensiu d&#8217;internet i seguretat a la xarxa adre\u00e7at a la Gent Gran al Punt \u00d2mnia de la Seu d&#8217;Urgell"},"content":{"rendered":"<p>Not\u00edcia extreta del web de www.laseu.cat<\/p>\n<h1 id=\"parent-fieldname-title\" class=\"documentFirstHeading\">Taller intensiu d&#8217;internet i seguretat a la xarxa adre\u00e7at a la Gent Gran al Punt \u00d2mnia de la Seu d&#8217;Urgell<\/h1>\n<p>Inscripcions nom\u00e9s presencials a partir del pr\u00f2xim dilluns 18 i fins el 25 de juliol a l&#8217;OAC. Les classes seran dilluns i dimecres del mes d&#8217;agost, de 10 a 11.30 hores.<\/p>\n<div id=\"content-core\">\n<div id=\"parent-fieldname-text\" class=\"plain\">\n<p dir=\"LTR\" align=\"JUSTIFY\">La Regidoria de la Gent Gran de l\u2019Ajuntament de la Seu d\u2019Urgell ha organitzat per al pr\u00f2xim mes d\u2019agost un taller intensiu i gratu\u00eft d&#8217;internet i seguretat a la xarxa adre\u00e7at a persones a partir de 60 anys.<\/p>\n<p dir=\"LTR\" align=\"JUSTIFY\">El curs tindr\u00e0 lloc al Punt \u00d2mnia de la Seu els dilluns i els dimecres, de deu del mat\u00ed a dos quarts de dotze de migdia. El taller s\u2019iniciar\u00e0 el dilluns 1 d\u2019agost.<\/p>\n<p dir=\"LTR\" align=\"JUSTIFY\">Les inscripcions per aquest taller han de ser presencials i per ordre d\u2019arribada. Es realitzaran a l\u2019Oficina d\u2019Atenci\u00f3 Ciutadana (OAC) de l\u2019Ajuntament urgellenc a partir del pr\u00f2xim dilluns 18 de juliol i s\u2019allargaran fins dilluns 25. El curs disposa d\u2019un m\u00e0xim de 8 places.<\/p>\n<p dir=\"LTR\" align=\"JUSTIFY\">Per a m\u00e9s informaci\u00f3 cal trucar al 973 35 41 02 (Consorci d&#8217;Atenci\u00f3 a les Persones de l&#8217;Alt Urgell).<\/p>\n<p dir=\"LTR\" align=\"JUSTIFY\">Aquest curs compta amb la col\u00b7laboraci\u00f3 del Consorci d\u2019Atenci\u00f3 a les Persones de l\u2019Alt Urgell i la Xarxa \u00d2mnia.<\/p>\n<\/div>\n<\/div>\n<div id=\"viewlet-below-content-body\">\n<div class=\"visualClear\"><\/div>\n<div id=\"fb-root\" class=\" fb_reset\">\n<div>\n<div><a href=\"http:\/\/xarxaomnia.gencat.cat\/blocs\/laseu\/files\/2016\/07\/Cartell-estiu.jpg\" rel=\"attachment wp-att-1537\"><img loading=\"lazy\" decoding=\"async\" class=\"alignnone size-medium wp-image-1537\" src=\"http:\/\/xarxaomnia.gencat.cat\/blocs\/laseu\/files\/2016\/07\/Cartell-estiu-212x300.jpg\" alt=\"Cartell estiu\" width=\"212\" height=\"300\" srcset=\"https:\/\/bloc.xarxa-omnia.org\/laseu\/files\/2016\/07\/Cartell-estiu-212x300.jpg 212w, https:\/\/bloc.xarxa-omnia.org\/laseu\/files\/2016\/07\/Cartell-estiu-768x1087.jpg 768w, https:\/\/bloc.xarxa-omnia.org\/laseu\/files\/2016\/07\/Cartell-estiu-724x1024.jpg 724w, https:\/\/bloc.xarxa-omnia.org\/laseu\/files\/2016\/07\/Cartell-estiu.jpg 1169w\" sizes=\"auto, (max-width: 212px) 100vw, 212px\" \/><\/a><\/div>\n<\/div>\n<div><\/div>\n<\/div>\n<div class=\"documentActions\"><\/div>\n<\/div>\n","protected":false},"excerpt":{"rendered":"<p>Not\u00edcia extreta del web de www.laseu.cat Taller intensiu d&#8217;internet i seguretat a la xarxa adre\u00e7at a la Gent Gran al Punt \u00d2mnia de la Seu d&#8217;Urgell Inscripcions nom\u00e9s presencials a partir del pr\u00f2xim dilluns 18 i fins el 25 de juliol a l&#8217;OAC. Les classes seran dilluns i dimecres del mes d&#8217;agost, de 10 a [&hellip;]<\/p>\n","protected":false},"author":92,"featured_media":0,"comment_status":"open","ping_status":"open","sticky":false,"template":"","format":"standard","meta":{"ngg_post_thumbnail":0,"footnotes":""},"categories":[1],"tags":[],"class_list":["post-1536","post","type-post","status-publish","format-standard","hentry","category-general"],"_links":{"self":[{"href":"https:\/\/bloc.xarxa-omnia.org\/laseu\/wp-json\/wp\/v2\/posts\/1536","targetHints":{"allow":["GET"]}}],"collection":[{"href":"https:\/\/bloc.xarxa-omnia.org\/laseu\/wp-json\/wp\/v2\/posts"}],"about":[{"href":"https:\/\/bloc.xarxa-omnia.org\/laseu\/wp-json\/wp\/v2\/types\/post"}],"author":[{"embeddable":true,"href":"https:\/\/bloc.xarxa-omnia.org\/laseu\/wp-json\/wp\/v2\/users\/92"}],"replies":[{"embeddable":true,"href":"https:\/\/bloc.xarxa-omnia.org\/laseu\/wp-json\/wp\/v2\/comments?post=1536"}],"version-history":[{"count":1,"href":"https:\/\/bloc.xarxa-omnia.org\/laseu\/wp-json\/wp\/v2\/posts\/1536\/revisions"}],"predecessor-version":[{"id":1538,"href":"https:\/\/bloc.xarxa-omnia.org\/laseu\/wp-json\/wp\/v2\/posts\/1536\/revisions\/1538"}],"wp:attachment":[{"href":"https:\/\/bloc.xarxa-omnia.org\/laseu\/wp-json\/wp\/v2\/media?parent=1536"}],"wp:term":[{"taxonomy":"category","embeddable":true,"href":"https:\/\/bloc.xarxa-omnia.org\/laseu\/wp-json\/wp\/v2\/categories?post=1536"},{"taxonomy":"post_tag","embeddable":true,"href":"https:\/\/bloc.xarxa-omnia.org\/laseu\/wp-json\/wp\/v2\/tags?post=1536"}],"curies":[{"name":"wp","href":"https:\/\/api.w.org\/{rel}","templated":true}]}}