{"id":1539,"date":"2016-07-25T12:45:00","date_gmt":"2016-07-25T11:45:00","guid":{"rendered":"http:\/\/xarxaomnia.gencat.cat\/blocs\/laseu\/?p=1539"},"modified":"2016-07-25T13:03:56","modified_gmt":"2016-07-25T12:03:56","slug":"tallers-per-a-joves","status":"publish","type":"post","link":"https:\/\/bloc.xarxa-omnia.org\/laseu\/2016\/07\/25\/tallers-per-a-joves\/","title":{"rendered":"Tallers Per A Joves"},"content":{"rendered":"<p>Aquest estiu col\u00b7laborem amb l&#8217;Oficina Jove de l&#8217;Alt Urgell fent un taller de fotografia digital per a joves.<\/p>\n<p>Es dur\u00e0 a terme la primera quinzena d&#8217;agost, amb un total de 8 h i 8 participants i totalment pr\u00e0ctic.<\/p>\n<p>El taller est\u00e0 dividit amb tres parts:<\/p>\n<p>Part 1- Te\u00f2ric-<span class=\"hiddenSpellError\">Fem<\/span> fotos<\/p>\n<p>Part 2- Retoc amb <span class=\"hiddenSpellError\">Gimp<\/span><\/p>\n<p>Part 3- Instagram- Apps i seguretat a la xarxa<\/p>\n<p>El que volem i com a objectiu principal \u00e9s que aprenguin conceptes fotogr\u00e0fics per\u00f2 sobretot que siguin responsables del contingut que generen i de la seva identitat digital.<\/p>\n<p><a href=\"http:\/\/xarxaomnia.gencat.cat\/blocs\/laseu\/files\/2016\/07\/tallersxjoves20161novetatsWEB.jpg\" rel=\"attachment wp-att-1540\"><img loading=\"lazy\" decoding=\"async\" class=\"alignnone size-medium wp-image-1540\" src=\"http:\/\/xarxaomnia.gencat.cat\/blocs\/laseu\/files\/2016\/07\/tallersxjoves20161novetatsWEB-212x300.jpg\" alt=\"tallersxjoves2016+1+novetats\" width=\"212\" height=\"300\" srcset=\"https:\/\/bloc.xarxa-omnia.org\/laseu\/files\/2016\/07\/tallersxjoves20161novetatsWEB-212x300.jpg 212w, https:\/\/bloc.xarxa-omnia.org\/laseu\/files\/2016\/07\/tallersxjoves20161novetatsWEB-768x1086.jpg 768w, https:\/\/bloc.xarxa-omnia.org\/laseu\/files\/2016\/07\/tallersxjoves20161novetatsWEB-724x1024.jpg 724w, https:\/\/bloc.xarxa-omnia.org\/laseu\/files\/2016\/07\/tallersxjoves20161novetatsWEB.jpg 1000w\" sizes=\"auto, (max-width: 212px) 100vw, 212px\" \/><\/a><\/p>\n","protected":false},"excerpt":{"rendered":"<p>Aquest estiu col\u00b7laborem amb l&#8217;Oficina Jove de l&#8217;Alt Urgell fent un taller de fotografia digital per a joves. Es dur\u00e0 a terme la primera quinzena d&#8217;agost, amb un total de 8 h i 8 participants i totalment pr\u00e0ctic. El taller est\u00e0 dividit amb tres parts: Part 1- Te\u00f2ric-Fem fotos Part 2- Retoc amb Gimp Part [&hellip;]<\/p>\n","protected":false},"author":92,"featured_media":0,"comment_status":"open","ping_status":"open","sticky":false,"template":"","format":"standard","meta":{"ngg_post_thumbnail":0,"footnotes":""},"categories":[1],"tags":[],"class_list":["post-1539","post","type-post","status-publish","format-standard","hentry","category-general"],"_links":{"self":[{"href":"https:\/\/bloc.xarxa-omnia.org\/laseu\/wp-json\/wp\/v2\/posts\/1539","targetHints":{"allow":["GET"]}}],"collection":[{"href":"https:\/\/bloc.xarxa-omnia.org\/laseu\/wp-json\/wp\/v2\/posts"}],"about":[{"href":"https:\/\/bloc.xarxa-omnia.org\/laseu\/wp-json\/wp\/v2\/types\/post"}],"author":[{"embeddable":true,"href":"https:\/\/bloc.xarxa-omnia.org\/laseu\/wp-json\/wp\/v2\/users\/92"}],"replies":[{"embeddable":true,"href":"https:\/\/bloc.xarxa-omnia.org\/laseu\/wp-json\/wp\/v2\/comments?post=1539"}],"version-history":[{"count":4,"href":"https:\/\/bloc.xarxa-omnia.org\/laseu\/wp-json\/wp\/v2\/posts\/1539\/revisions"}],"predecessor-version":[{"id":1544,"href":"https:\/\/bloc.xarxa-omnia.org\/laseu\/wp-json\/wp\/v2\/posts\/1539\/revisions\/1544"}],"wp:attachment":[{"href":"https:\/\/bloc.xarxa-omnia.org\/laseu\/wp-json\/wp\/v2\/media?parent=1539"}],"wp:term":[{"taxonomy":"category","embeddable":true,"href":"https:\/\/bloc.xarxa-omnia.org\/laseu\/wp-json\/wp\/v2\/categories?post=1539"},{"taxonomy":"post_tag","embeddable":true,"href":"https:\/\/bloc.xarxa-omnia.org\/laseu\/wp-json\/wp\/v2\/tags?post=1539"}],"curies":[{"name":"wp","href":"https:\/\/api.w.org\/{rel}","templated":true}]}}