{"id":1558,"date":"2016-08-31T10:03:53","date_gmt":"2016-08-31T09:03:53","guid":{"rendered":"http:\/\/xarxaomnia.gencat.cat\/blocs\/laseu\/?p=1558"},"modified":"2016-08-31T10:03:53","modified_gmt":"2016-08-31T09:03:53","slug":"nous-tallers-de-competencies-digitals-al-punt-omnia","status":"publish","type":"post","link":"https:\/\/bloc.xarxa-omnia.org\/laseu\/2016\/08\/31\/nous-tallers-de-competencies-digitals-al-punt-omnia\/","title":{"rendered":"NOUS TALLERS DE COMPET\u00c8NCIES DIGITALS AL PUNT \u00d2MNIA"},"content":{"rendered":"<p>Arriba setembre i comen\u00e7a la roda dels reptes nous, horaris nous, escola, nous companys i com no, els tallers de compet\u00e8ncies digitals d&#8217;\u00d2mnia.<br \/>\nJa tenim la programaci\u00f3 per a que la pugueu consultar-la amb temps i pugueu decidir quin dels tallers que oferim podeu o voleu fer.<br \/>\nCom sempre tenim varietat i una mica de tot, des de retoc d&#8217;imatge a el fam\u00f3s n\u00favol, de tot per aprendre nous recursos i noves eines Tic.<br \/>\nRecordeu que \u00e9s important fer les inscripcions amb les dates i els horaris que marquem, i recordeu que \u00e9s una inscripci\u00f3 per persona i un curs.<\/p>\n<p><strong>INSCRIPCIONS ON-LINE- 19 i 20 de setembre<\/strong> a partir de les 9 del mat\u00ed des del web <a href=\"http:\/\/www.laseu.cat\/tramits-i-serveis\/inscripcions\">www.laseu.cat\/tramits-i-serveis\/inscripcions<\/a><\/p>\n<p><strong>INSCRIPCIONS PRESENCIAL- 21 i 22 de setembre<\/strong> a partir de les 9 del mat\u00ed a l&#8217;Oficina d&#8217;Atenci\u00f3 al Ciutad\u00e0<\/p>\n<p><strong>Tallers<\/strong><br \/>\nMou-te pel m\u00f2bil- els dilluns d&#8217;11 a 12h.<br \/>\n\u00c0lbums de fam\u00edlia- Hofman \u2013 Els dilluns de 16 a 17h.<br \/>\nFes xarxa- facebook i skype- els dilluns de 17 a 18 h.<br \/>\nGimp- Retoc imatges- els dimarts de 15 a 16:30 h.<br \/>\nEconomia casolana- Fulls de c\u00e0lcul- els dijous de 15 a 16 h.<br \/>\nEn un n\u00favol- els dijous de 16 a 17 h.<br \/>\nPrimers passos-Iniciaci\u00f3 &#8211; els divendres de 10 a 11&#8217;30 h.<\/p>\n<p><a href=\"http:\/\/xarxaomnia.gencat.cat\/blocs\/laseu\/files\/2016\/08\/Cartell-setembre-desembre.-CORREGIT.jpg\" rel=\"attachment wp-att-1559\"><img loading=\"lazy\" decoding=\"async\" class=\"alignnone size-medium wp-image-1559\" src=\"http:\/\/xarxaomnia.gencat.cat\/blocs\/laseu\/files\/2016\/08\/Cartell-setembre-desembre.-CORREGIT-212x300.jpg\" alt=\"Cartell setembre-desembre. CORREGIT\" width=\"212\" height=\"300\" srcset=\"https:\/\/bloc.xarxa-omnia.org\/laseu\/files\/2016\/08\/Cartell-setembre-desembre.-CORREGIT-212x300.jpg 212w, https:\/\/bloc.xarxa-omnia.org\/laseu\/files\/2016\/08\/Cartell-setembre-desembre.-CORREGIT-768x1087.jpg 768w, https:\/\/bloc.xarxa-omnia.org\/laseu\/files\/2016\/08\/Cartell-setembre-desembre.-CORREGIT-724x1024.jpg 724w, https:\/\/bloc.xarxa-omnia.org\/laseu\/files\/2016\/08\/Cartell-setembre-desembre.-CORREGIT.jpg 1169w\" sizes=\"auto, (max-width: 212px) 100vw, 212px\" \/><\/a><\/p>\n<p>&nbsp;<\/p>\n","protected":false},"excerpt":{"rendered":"<p>Arriba setembre i comen\u00e7a la roda dels reptes nous, horaris nous, escola, nous companys i com no, els tallers de compet\u00e8ncies digitals d&#8217;\u00d2mnia. Ja tenim la programaci\u00f3 per a que la pugueu consultar-la amb temps i pugueu decidir quin dels tallers que oferim podeu o voleu fer. Com sempre tenim varietat i una mica de [&hellip;]<\/p>\n","protected":false},"author":92,"featured_media":0,"comment_status":"open","ping_status":"open","sticky":false,"template":"","format":"standard","meta":{"ngg_post_thumbnail":0,"footnotes":""},"categories":[1],"tags":[],"class_list":["post-1558","post","type-post","status-publish","format-standard","hentry","category-general"],"_links":{"self":[{"href":"https:\/\/bloc.xarxa-omnia.org\/laseu\/wp-json\/wp\/v2\/posts\/1558","targetHints":{"allow":["GET"]}}],"collection":[{"href":"https:\/\/bloc.xarxa-omnia.org\/laseu\/wp-json\/wp\/v2\/posts"}],"about":[{"href":"https:\/\/bloc.xarxa-omnia.org\/laseu\/wp-json\/wp\/v2\/types\/post"}],"author":[{"embeddable":true,"href":"https:\/\/bloc.xarxa-omnia.org\/laseu\/wp-json\/wp\/v2\/users\/92"}],"replies":[{"embeddable":true,"href":"https:\/\/bloc.xarxa-omnia.org\/laseu\/wp-json\/wp\/v2\/comments?post=1558"}],"version-history":[{"count":1,"href":"https:\/\/bloc.xarxa-omnia.org\/laseu\/wp-json\/wp\/v2\/posts\/1558\/revisions"}],"predecessor-version":[{"id":1560,"href":"https:\/\/bloc.xarxa-omnia.org\/laseu\/wp-json\/wp\/v2\/posts\/1558\/revisions\/1560"}],"wp:attachment":[{"href":"https:\/\/bloc.xarxa-omnia.org\/laseu\/wp-json\/wp\/v2\/media?parent=1558"}],"wp:term":[{"taxonomy":"category","embeddable":true,"href":"https:\/\/bloc.xarxa-omnia.org\/laseu\/wp-json\/wp\/v2\/categories?post=1558"},{"taxonomy":"post_tag","embeddable":true,"href":"https:\/\/bloc.xarxa-omnia.org\/laseu\/wp-json\/wp\/v2\/tags?post=1558"}],"curies":[{"name":"wp","href":"https:\/\/api.w.org\/{rel}","templated":true}]}}