{"id":1566,"date":"2016-09-28T07:45:55","date_gmt":"2016-09-28T06:45:55","guid":{"rendered":"http:\/\/xarxaomnia.gencat.cat\/blocs\/laseu\/?p=1566"},"modified":"2016-09-28T07:45:55","modified_gmt":"2016-09-28T06:45:55","slug":"taller-de-correu-electronic-per-a-la-gent-gran","status":"publish","type":"post","link":"https:\/\/bloc.xarxa-omnia.org\/laseu\/2016\/09\/28\/taller-de-correu-electronic-per-a-la-gent-gran\/","title":{"rendered":"Taller de correu electr\u00f2nic per a la Gent Gran"},"content":{"rendered":"<p align=\"justify\"><span style=\"font-family: UnBatang\">Taller de correu electr\u00f2nic per a la Gent Gran<\/span><\/p>\n<p align=\"justify\"><span style=\"font-family: UnBatang\">Des de la regidoria de la gent gran i\u00a0 la nostra col\u00b7laboraci\u00f3, farem un taller de correu electr\u00f2nic per persones majors de 60 anys.<\/span><\/p>\n<p align=\"justify\"><span style=\"font-family: UnBatang\">Un taller per atansar-los a les eines de comunicaci\u00f3, per a que puguin estar a prop dels seus, per sentir-se part de la comunitat i estar al dia de les eines que tenen a la m\u00e0.<\/span><\/p>\n<p align=\"justify\"><span style=\"font-family: UnBatang\">El taller ser\u00e0 tots els dijous d&#8217;11 a 12 del mat\u00ed del 13 d&#8217;octubre al 22 de desembre del 2016. <\/span><\/p>\n<p align=\"justify\"><span style=\"font-family: UnBatang\">Per fer les inscripcions hauran d&#8217;anar a l&#8217;oficina d&#8217;Atenci\u00f3 al Ciutad\u00e0 (OAC) de l&#8217;Ajuntament de La Seu del 3 al 7 d&#8217;octubre a partir de les 9 del mat\u00ed.<\/span><\/p>\n<p align=\"justify\"><span style=\"font-family: UnBatang\">Una inscripci\u00f3 per persona. <\/span><\/p>\n<p align=\"justify\"><span style=\"font-family: UnBatang\">El curs \u00e9s gratu\u00eft<\/span><\/p>\n<p align=\"justify\"><a href=\"http:\/\/xarxaomnia.gencat.cat\/blocs\/laseu\/files\/2016\/09\/Cartell-octubre-desembre.jpg\" rel=\"attachment wp-att-1567\"><img loading=\"lazy\" decoding=\"async\" class=\"alignnone size-medium wp-image-1567\" src=\"http:\/\/xarxaomnia.gencat.cat\/blocs\/laseu\/files\/2016\/09\/Cartell-octubre-desembre-212x300.jpg\" alt=\"Cartell octubre-desembre\" width=\"212\" height=\"300\" srcset=\"https:\/\/bloc.xarxa-omnia.org\/laseu\/files\/2016\/09\/Cartell-octubre-desembre-212x300.jpg 212w, https:\/\/bloc.xarxa-omnia.org\/laseu\/files\/2016\/09\/Cartell-octubre-desembre-768x1087.jpg 768w, https:\/\/bloc.xarxa-omnia.org\/laseu\/files\/2016\/09\/Cartell-octubre-desembre-724x1024.jpg 724w, https:\/\/bloc.xarxa-omnia.org\/laseu\/files\/2016\/09\/Cartell-octubre-desembre.jpg 1169w\" sizes=\"auto, (max-width: 212px) 100vw, 212px\" \/><\/a><\/p>\n","protected":false},"excerpt":{"rendered":"<p>Taller de correu electr\u00f2nic per a la Gent Gran Des de la regidoria de la gent gran i\u00a0 la nostra col\u00b7laboraci\u00f3, farem un taller de correu electr\u00f2nic per persones majors de 60 anys. Un taller per atansar-los a les eines de comunicaci\u00f3, per a que puguin estar a prop dels seus, per sentir-se part de [&hellip;]<\/p>\n","protected":false},"author":92,"featured_media":0,"comment_status":"open","ping_status":"open","sticky":false,"template":"","format":"standard","meta":{"ngg_post_thumbnail":0,"footnotes":""},"categories":[1],"tags":[],"class_list":["post-1566","post","type-post","status-publish","format-standard","hentry","category-general"],"_links":{"self":[{"href":"https:\/\/bloc.xarxa-omnia.org\/laseu\/wp-json\/wp\/v2\/posts\/1566","targetHints":{"allow":["GET"]}}],"collection":[{"href":"https:\/\/bloc.xarxa-omnia.org\/laseu\/wp-json\/wp\/v2\/posts"}],"about":[{"href":"https:\/\/bloc.xarxa-omnia.org\/laseu\/wp-json\/wp\/v2\/types\/post"}],"author":[{"embeddable":true,"href":"https:\/\/bloc.xarxa-omnia.org\/laseu\/wp-json\/wp\/v2\/users\/92"}],"replies":[{"embeddable":true,"href":"https:\/\/bloc.xarxa-omnia.org\/laseu\/wp-json\/wp\/v2\/comments?post=1566"}],"version-history":[{"count":1,"href":"https:\/\/bloc.xarxa-omnia.org\/laseu\/wp-json\/wp\/v2\/posts\/1566\/revisions"}],"predecessor-version":[{"id":1568,"href":"https:\/\/bloc.xarxa-omnia.org\/laseu\/wp-json\/wp\/v2\/posts\/1566\/revisions\/1568"}],"wp:attachment":[{"href":"https:\/\/bloc.xarxa-omnia.org\/laseu\/wp-json\/wp\/v2\/media?parent=1566"}],"wp:term":[{"taxonomy":"category","embeddable":true,"href":"https:\/\/bloc.xarxa-omnia.org\/laseu\/wp-json\/wp\/v2\/categories?post=1566"},{"taxonomy":"post_tag","embeddable":true,"href":"https:\/\/bloc.xarxa-omnia.org\/laseu\/wp-json\/wp\/v2\/tags?post=1566"}],"curies":[{"name":"wp","href":"https:\/\/api.w.org\/{rel}","templated":true}]}}