{"id":1596,"date":"2017-02-22T16:07:27","date_gmt":"2017-02-22T15:07:27","guid":{"rendered":"http:\/\/xarxaomnia.gencat.cat\/blocs\/laseu\/?p=1596"},"modified":"2017-02-22T16:07:27","modified_gmt":"2017-02-22T15:07:27","slug":"preparats-pel-carnestoltes","status":"publish","type":"post","link":"https:\/\/bloc.xarxa-omnia.org\/laseu\/2017\/02\/22\/preparats-pel-carnestoltes\/","title":{"rendered":"Preparats pel carnestoltes!"},"content":{"rendered":"<p>Aquest any i com a primera vegada, des de l&#8217;Oficina Jove de l&#8217;Alt Urgell vam oferir a entitats i col\u00b7lectius de la Seu que volguessin, crear una m\u00e0scara gran per decorar els carrers i places per on passa la rua de carnaval.<br \/>\nDes de l&#8217;\u00d2mnia vam pensar que seria una bona idea fer-la amb el grup de nens\/es d&#8217;\u00d2mniaKids i &#8220;manos a la obra&#8221;!<br \/>\nEl taller el vam dividir amb tres parts:<br \/>\n1-Decidir com fer-la i els materials (a poder ser materials reciclats) \u2013 Decisi\u00f3 \u00e9s crear un collage- Encolar paperets i envernissar.<br \/>\n2-Pintar la part de darrere i tornar a empaperar i envernissar.<br \/>\n3-Fer els detalls i acabar-la.<br \/>\nHan estat tres sessions molt profitoses, hem fet la m\u00e0scara per\u00f2 a m\u00e9s han pogut aprendre a decidir, compartir, respectar i crear un objecte tots junts. Habilitats i valors que s\u00f3n vitals per cr\u00e9ixer de forma personal i grupal. Tot un \u00e8xit!!<br \/>\nAgrair a l&#8217;Oficina Jove la proposta i el fet de pensar amb nosaltres, i gr\u00e0cies a les mans i caps pensants dels \u00d2mniaKids i els seus germans que tamb\u00e9 ens han ajudat!!<br \/>\n#Clara #Aran #Xavi #Guillem #\u00d3scar #Mouad #Mario<\/p>\n<p><a href=\"http:\/\/xarxaomnia.gencat.cat\/blocs\/laseu\/files\/2017\/02\/collage-carnaval.jpg\" rel=\"attachment wp-att-1597\"><img loading=\"lazy\" decoding=\"async\" class=\"alignnone size-medium wp-image-1597\" src=\"http:\/\/xarxaomnia.gencat.cat\/blocs\/laseu\/files\/2017\/02\/collage-carnaval-300x300.jpg\" alt=\"collage carnaval\" width=\"300\" height=\"300\" srcset=\"https:\/\/bloc.xarxa-omnia.org\/laseu\/files\/2017\/02\/collage-carnaval-300x300.jpg 300w, https:\/\/bloc.xarxa-omnia.org\/laseu\/files\/2017\/02\/collage-carnaval-150x150.jpg 150w, https:\/\/bloc.xarxa-omnia.org\/laseu\/files\/2017\/02\/collage-carnaval-768x768.jpg 768w, https:\/\/bloc.xarxa-omnia.org\/laseu\/files\/2017\/02\/collage-carnaval-1024x1024.jpg 1024w, https:\/\/bloc.xarxa-omnia.org\/laseu\/files\/2017\/02\/collage-carnaval.jpg 1200w\" sizes=\"auto, (max-width: 300px) 100vw, 300px\" \/><\/a><\/p>\n","protected":false},"excerpt":{"rendered":"<p>Aquest any i com a primera vegada, des de l&#8217;Oficina Jove de l&#8217;Alt Urgell vam oferir a entitats i col\u00b7lectius de la Seu que volguessin, crear una m\u00e0scara gran per decorar els carrers i places per on passa la rua de carnaval. Des de l&#8217;\u00d2mnia vam pensar que seria una bona idea fer-la amb el [&hellip;]<\/p>\n","protected":false},"author":92,"featured_media":0,"comment_status":"open","ping_status":"open","sticky":false,"template":"","format":"standard","meta":{"ngg_post_thumbnail":0,"footnotes":""},"categories":[1],"tags":[],"class_list":["post-1596","post","type-post","status-publish","format-standard","hentry","category-general"],"_links":{"self":[{"href":"https:\/\/bloc.xarxa-omnia.org\/laseu\/wp-json\/wp\/v2\/posts\/1596","targetHints":{"allow":["GET"]}}],"collection":[{"href":"https:\/\/bloc.xarxa-omnia.org\/laseu\/wp-json\/wp\/v2\/posts"}],"about":[{"href":"https:\/\/bloc.xarxa-omnia.org\/laseu\/wp-json\/wp\/v2\/types\/post"}],"author":[{"embeddable":true,"href":"https:\/\/bloc.xarxa-omnia.org\/laseu\/wp-json\/wp\/v2\/users\/92"}],"replies":[{"embeddable":true,"href":"https:\/\/bloc.xarxa-omnia.org\/laseu\/wp-json\/wp\/v2\/comments?post=1596"}],"version-history":[{"count":1,"href":"https:\/\/bloc.xarxa-omnia.org\/laseu\/wp-json\/wp\/v2\/posts\/1596\/revisions"}],"predecessor-version":[{"id":1598,"href":"https:\/\/bloc.xarxa-omnia.org\/laseu\/wp-json\/wp\/v2\/posts\/1596\/revisions\/1598"}],"wp:attachment":[{"href":"https:\/\/bloc.xarxa-omnia.org\/laseu\/wp-json\/wp\/v2\/media?parent=1596"}],"wp:term":[{"taxonomy":"category","embeddable":true,"href":"https:\/\/bloc.xarxa-omnia.org\/laseu\/wp-json\/wp\/v2\/categories?post=1596"},{"taxonomy":"post_tag","embeddable":true,"href":"https:\/\/bloc.xarxa-omnia.org\/laseu\/wp-json\/wp\/v2\/tags?post=1596"}],"curies":[{"name":"wp","href":"https:\/\/api.w.org\/{rel}","templated":true}]}}