{"id":1600,"date":"2017-03-23T10:26:00","date_gmt":"2017-03-23T09:26:00","guid":{"rendered":"http:\/\/xarxaomnia.gencat.cat\/blocs\/laseu\/?p=1600"},"modified":"2017-03-23T10:26:00","modified_gmt":"2017-03-23T09:26:00","slug":"projecte-veus","status":"publish","type":"post","link":"https:\/\/bloc.xarxa-omnia.org\/laseu\/2017\/03\/23\/projecte-veus\/","title":{"rendered":"Projecte Veus"},"content":{"rendered":"<p>El projecte &#8220;Veus&#8221;, \u00e9s un projecte de comunicaci\u00f3, que fem amb el Taller Claror.<br \/>\nEls participants del Taller Claror han apr\u00e8s moltes eines Tic durant els 10 anys que han vingut a \u00d2mnia, per\u00f2 va arribar el moment de fer un salt i comen\u00e7ar a treballar amb eines i projectes nous.<br \/>\nHe de dir que la idea del projecte no \u00e9s nostra, nosaltres hem aprofitat un projecte que s&#8217;est\u00e0 realitzant a Barcelona i es diu TebVist, i tamb\u00e9 \u00e9s un projecte portat per persones amb diversitat funcional. Ara ja fa temps que vam pensar que per qu\u00e8 no fer-ho a La Seu?<br \/>\nUs explico, el projecte es tracta de fer entrevistes a persones conegudes de forma m\u00e9s p\u00fablica. Explicat sembla un pis pas oi? Doncs no, no \u00e9s tan f\u00e0cil ni tan r\u00e0pid. Nosaltres hem comen\u00e7at pel comen\u00e7ament. He de dir que de moment totes les gravacions s\u00f3n privades i no les penjarem en lloc per\u00f2 \u00e9s material que despr\u00e9s visualitzarem per anar polint errors.<\/p>\n<p>Hem dividit el bloc amb tres parts:<\/p>\n<p>Part 1- Durant uns 4 mesos hem fet la part &#8211; Assaig \/error- Gravacions i m\u00e9s gravacions perqu\u00e8 ens pogu\u00e9ssim acostumar a la c\u00e0mera, a parlar davant de p\u00fablic, fer decorats, escollir logotip, mirar les gravacions i ser capa\u00e7os de rectificar les coses que fem o surten malament, entrevistes entre ells mateixos, que a m\u00e9s de fer la pr\u00e0ctica de la gravaci\u00f3, els hi ajuda a con\u00e8ixer millor a un company del taller, parlar sobre sentiments, records, m\u00fasica, actualitat, pol\u00edtica, fam\u00edlia&#8230;, tot un treball emocional i d&#8217;h\u00e0bits que potser passen desapercebuts. Un treball lent, ja que tamb\u00e9 el barregem amb altres activitats per relaxar i fer-ho m\u00e9s am\u00e8.<\/p>\n<p>Part 2- Actualment estem en aquesta part- Aquesta potser \u00e9s la part m\u00e9s &#8220;seriosa&#8221; per dir-ho d&#8217;alguna forma, se suposa que quan arribarem amb aquesta part, ja ser\u00e0 quan tinguem molts d&#8217;aquells h\u00e0bits treballats i assumits i m\u00e9s que rectificats.<br \/>\nDe moment ja hem sortit al carrer, i cadasc\u00fa d&#8217;ells ja t\u00e9 un rol assignat, entrevistador, presentador o entrevistat. D&#8217;aquesta manera fem la practica de om hem de dirigir-nos amb una persona del carrer, una persona que no coneixem,durant aquestes sessions estem descobrint que molts d&#8217;ells\/es mai han preguntat ni l&#8217;hora pel carrer, per vergonya, por&#8230;etc.<br \/>\nPart 3- Hauran d&#8217;escollir un tema i treballar i saber m\u00e9s sobre aquell tema o personatge i una vegada que la informaci\u00f3 la tinguem assumida i apresa sortirem al carrer de forma seria, i tamb\u00e9 ser\u00e0 el moment d&#8217;arribar a fer una entrevista a una persona coneguda, sigui l&#8217;alcalde, un esportista d&#8217;elit o la Tina dels gelats que la coneix tothom!!<br \/>\nSom conscients que per aquesta part ens queda molt cam\u00ed, per\u00f2 ja em comen\u00e7at i volen que la gent ho s\u00e0piga, cada dimarts farem una pr\u00e0ctica, ara de moment seguirem treballant, aprenent i formant-nos sobre l&#8217;\u00e0mbit de la comunicaci\u00f3.<br \/>\nTamb\u00e9 vull explicar que en aquest projecte, tots els participants i educadors del taller tenen el seu granet de sorra, un treball amb xarxa i comunitari al 100%.<\/p>\n<p>Seguirem informant!<br \/>\nEster Collado- Projecte Veus<br \/>\nLa Seu d&#8217;Urgell<\/p>\n","protected":false},"excerpt":{"rendered":"<p>El projecte &#8220;Veus&#8221;, \u00e9s un projecte de comunicaci\u00f3, que fem amb el Taller Claror. Els participants del Taller Claror han apr\u00e8s moltes eines Tic durant els 10 anys que han vingut a \u00d2mnia, per\u00f2 va arribar el moment de fer un salt i comen\u00e7ar a treballar amb eines i projectes nous. He de dir que [&hellip;]<\/p>\n","protected":false},"author":92,"featured_media":0,"comment_status":"open","ping_status":"open","sticky":false,"template":"","format":"standard","meta":{"ngg_post_thumbnail":0,"footnotes":""},"categories":[1],"tags":[],"class_list":["post-1600","post","type-post","status-publish","format-standard","hentry","category-general"],"_links":{"self":[{"href":"https:\/\/bloc.xarxa-omnia.org\/laseu\/wp-json\/wp\/v2\/posts\/1600","targetHints":{"allow":["GET"]}}],"collection":[{"href":"https:\/\/bloc.xarxa-omnia.org\/laseu\/wp-json\/wp\/v2\/posts"}],"about":[{"href":"https:\/\/bloc.xarxa-omnia.org\/laseu\/wp-json\/wp\/v2\/types\/post"}],"author":[{"embeddable":true,"href":"https:\/\/bloc.xarxa-omnia.org\/laseu\/wp-json\/wp\/v2\/users\/92"}],"replies":[{"embeddable":true,"href":"https:\/\/bloc.xarxa-omnia.org\/laseu\/wp-json\/wp\/v2\/comments?post=1600"}],"version-history":[{"count":1,"href":"https:\/\/bloc.xarxa-omnia.org\/laseu\/wp-json\/wp\/v2\/posts\/1600\/revisions"}],"predecessor-version":[{"id":1601,"href":"https:\/\/bloc.xarxa-omnia.org\/laseu\/wp-json\/wp\/v2\/posts\/1600\/revisions\/1601"}],"wp:attachment":[{"href":"https:\/\/bloc.xarxa-omnia.org\/laseu\/wp-json\/wp\/v2\/media?parent=1600"}],"wp:term":[{"taxonomy":"category","embeddable":true,"href":"https:\/\/bloc.xarxa-omnia.org\/laseu\/wp-json\/wp\/v2\/categories?post=1600"},{"taxonomy":"post_tag","embeddable":true,"href":"https:\/\/bloc.xarxa-omnia.org\/laseu\/wp-json\/wp\/v2\/tags?post=1600"}],"curies":[{"name":"wp","href":"https:\/\/api.w.org\/{rel}","templated":true}]}}