{"id":1607,"date":"2017-03-31T11:36:10","date_gmt":"2017-03-31T10:36:10","guid":{"rendered":"http:\/\/xarxaomnia.gencat.cat\/blocs\/laseu\/?p=1607"},"modified":"2017-03-31T11:42:56","modified_gmt":"2017-03-31T10:42:56","slug":"programacio-de-primavera","status":"publish","type":"post","link":"https:\/\/bloc.xarxa-omnia.org\/laseu\/2017\/03\/31\/programacio-de-primavera\/","title":{"rendered":"Programaci\u00f3 de primavera- Nova programaci\u00f3"},"content":{"rendered":"<p>Ja els tenim, els tallers acaben de sortir del forn!<br \/>\nTallers programats per aquest trimestre:<br \/>\n-Mou-te pel m\u00f2bil- els dilluns d&#8217;11 a 12 del mat\u00ed.<br \/>\n-Fes xarxa! &#8211; Xarxes Socials. Els dimarts a la tarde de 15 a 16 h.<br \/>\n-Google Photos- Els dimarts a la tarde de 16 a 17 h.<br \/>\n-I tu, com navegues?- Internet- Els dimecres d&#8217;11 a 12h.<br \/>\n-N\u00favol- Els dijous\u00a0 a la tarde de 15 a 16h.<\/p>\n<p>Estiguis atent de les dates d\u2019inscripci\u00f3, aquestes com sempre poden ser telem\u00e0tiques o a trav\u00e9s de la web <a href=\"http:\/\/www.laseu.cat\/tramits-i-serveis\/inscripcions\">http:\/\/www.laseu.cat\/tramits-i-serveis\/inscripcions<\/a> a partir de les 9 del mat\u00ed el dia 11 d\u2019abril, o b\u00e9 de forma presencial, el dia 13 d\u2019abril a partir de les 9 del mat\u00ed a l\u2019Oac (Oficina d\u2019Atenci\u00f3 al Ciutad\u00e0) de l\u2019Ajuntament.<br \/>\nRecorda que les inscripcions s\u00f3n per ordre d\u2019arribada i que es far\u00e0 una inscripci\u00f3 per persona i curs.<br \/>\nTots els tallers comen\u00e7aran la setmana del 24 d\u2019abril.<br \/>\nApa, som-hi!!<\/p>\n<p><a href=\"http:\/\/xarxaomnia.gencat.cat\/blocs\/laseu\/files\/2017\/03\/Abril-juny.jpg\" rel=\"attachment wp-att-1608\"><img loading=\"lazy\" decoding=\"async\" class=\"alignnone size-medium wp-image-1608\" src=\"http:\/\/xarxaomnia.gencat.cat\/blocs\/laseu\/files\/2017\/03\/Abril-juny-212x300.jpg\" alt=\"Abril-juny\" width=\"212\" height=\"300\" srcset=\"https:\/\/bloc.xarxa-omnia.org\/laseu\/files\/2017\/03\/Abril-juny-212x300.jpg 212w, https:\/\/bloc.xarxa-omnia.org\/laseu\/files\/2017\/03\/Abril-juny-768x1087.jpg 768w, https:\/\/bloc.xarxa-omnia.org\/laseu\/files\/2017\/03\/Abril-juny-724x1024.jpg 724w, https:\/\/bloc.xarxa-omnia.org\/laseu\/files\/2017\/03\/Abril-juny.jpg 1169w\" sizes=\"auto, (max-width: 212px) 100vw, 212px\" \/><\/a><\/p>\n","protected":false},"excerpt":{"rendered":"<p>Ja els tenim, els tallers acaben de sortir del forn! Tallers programats per aquest trimestre: -Mou-te pel m\u00f2bil- els dilluns d&#8217;11 a 12 del mat\u00ed. -Fes xarxa! &#8211; Xarxes Socials. Els dimarts a la tarde de 15 a 16 h. -Google Photos- Els dimarts a la tarde de 16 a 17 h. -I tu, com [&hellip;]<\/p>\n","protected":false},"author":92,"featured_media":0,"comment_status":"open","ping_status":"open","sticky":false,"template":"","format":"standard","meta":{"ngg_post_thumbnail":0,"footnotes":""},"categories":[1],"tags":[],"class_list":["post-1607","post","type-post","status-publish","format-standard","hentry","category-general"],"_links":{"self":[{"href":"https:\/\/bloc.xarxa-omnia.org\/laseu\/wp-json\/wp\/v2\/posts\/1607","targetHints":{"allow":["GET"]}}],"collection":[{"href":"https:\/\/bloc.xarxa-omnia.org\/laseu\/wp-json\/wp\/v2\/posts"}],"about":[{"href":"https:\/\/bloc.xarxa-omnia.org\/laseu\/wp-json\/wp\/v2\/types\/post"}],"author":[{"embeddable":true,"href":"https:\/\/bloc.xarxa-omnia.org\/laseu\/wp-json\/wp\/v2\/users\/92"}],"replies":[{"embeddable":true,"href":"https:\/\/bloc.xarxa-omnia.org\/laseu\/wp-json\/wp\/v2\/comments?post=1607"}],"version-history":[{"count":3,"href":"https:\/\/bloc.xarxa-omnia.org\/laseu\/wp-json\/wp\/v2\/posts\/1607\/revisions"}],"predecessor-version":[{"id":1611,"href":"https:\/\/bloc.xarxa-omnia.org\/laseu\/wp-json\/wp\/v2\/posts\/1607\/revisions\/1611"}],"wp:attachment":[{"href":"https:\/\/bloc.xarxa-omnia.org\/laseu\/wp-json\/wp\/v2\/media?parent=1607"}],"wp:term":[{"taxonomy":"category","embeddable":true,"href":"https:\/\/bloc.xarxa-omnia.org\/laseu\/wp-json\/wp\/v2\/categories?post=1607"},{"taxonomy":"post_tag","embeddable":true,"href":"https:\/\/bloc.xarxa-omnia.org\/laseu\/wp-json\/wp\/v2\/tags?post=1607"}],"curies":[{"name":"wp","href":"https:\/\/api.w.org\/{rel}","templated":true}]}}