{"id":1618,"date":"2017-05-17T08:03:07","date_gmt":"2017-05-17T07:03:07","guid":{"rendered":"http:\/\/xarxaomnia.gencat.cat\/blocs\/laseu\/?p=1618"},"modified":"2017-05-17T08:03:07","modified_gmt":"2017-05-17T07:03:07","slug":"17-de-maig","status":"publish","type":"post","link":"https:\/\/bloc.xarxa-omnia.org\/laseu\/2017\/05\/17\/17-de-maig\/","title":{"rendered":"17 de Maig"},"content":{"rendered":"<p>Avui dia 17 de maig tenim dos Dies Mundials per celebrar<\/p>\n<p>1-D\u00eda Internacional contra la Homofobia, la Transfobia y la Bifobia<\/p>\n<p>2-Dia Mundial de les Telecomunicacions i la Societat de la Informaci\u00f3.<\/p>\n<p>#\u00d2mniaTic #Tic\u00d2mnia #DiaMundialTic #ContraHomofobia #LGTB<\/p>\n<p><a href=\"http:\/\/xarxaomnia.gencat.cat\/blocs\/laseu\/files\/2017\/05\/13178840_262394170781623_6053505171449839830_n.jpg\" rel=\"attachment wp-att-1619\"><img loading=\"lazy\" decoding=\"async\" class=\"alignnone  wp-image-1619\" src=\"http:\/\/xarxaomnia.gencat.cat\/blocs\/laseu\/files\/2017\/05\/13178840_262394170781623_6053505171449839830_n-256x300.jpg\" alt=\"13178840_262394170781623_6053505171449839830_n\" width=\"166\" height=\"195\" srcset=\"https:\/\/bloc.xarxa-omnia.org\/laseu\/files\/2017\/05\/13178840_262394170781623_6053505171449839830_n-256x300.jpg 256w, https:\/\/bloc.xarxa-omnia.org\/laseu\/files\/2017\/05\/13178840_262394170781623_6053505171449839830_n.jpg 461w\" sizes=\"auto, (max-width: 166px) 100vw, 166px\" \/><\/a><a href=\"http:\/\/xarxaomnia.gencat.cat\/blocs\/laseu\/files\/2017\/05\/Gay_flag.svg_.png\" rel=\"attachment wp-att-1620\"><img loading=\"lazy\" decoding=\"async\" class=\"alignnone  wp-image-1620\" src=\"http:\/\/xarxaomnia.gencat.cat\/blocs\/laseu\/files\/2017\/05\/Gay_flag.svg_-300x185.png\" alt=\"Gay_flag.svg\" width=\"246\" height=\"152\" srcset=\"https:\/\/bloc.xarxa-omnia.org\/laseu\/files\/2017\/05\/Gay_flag.svg_-300x185.png 300w, https:\/\/bloc.xarxa-omnia.org\/laseu\/files\/2017\/05\/Gay_flag.svg_-768x474.png 768w, https:\/\/bloc.xarxa-omnia.org\/laseu\/files\/2017\/05\/Gay_flag.svg_.png 777w\" sizes=\"auto, (max-width: 246px) 100vw, 246px\" \/><\/a><\/p>\n","protected":false},"excerpt":{"rendered":"<p>Avui dia 17 de maig tenim dos Dies Mundials per celebrar 1-D\u00eda Internacional contra la Homofobia, la Transfobia y la Bifobia 2-Dia Mundial de les Telecomunicacions i la Societat de la Informaci\u00f3. #\u00d2mniaTic #Tic\u00d2mnia #DiaMundialTic #ContraHomofobia #LGTB<\/p>\n","protected":false},"author":92,"featured_media":0,"comment_status":"open","ping_status":"open","sticky":false,"template":"","format":"standard","meta":{"ngg_post_thumbnail":0,"footnotes":""},"categories":[1],"tags":[],"class_list":["post-1618","post","type-post","status-publish","format-standard","hentry","category-general"],"_links":{"self":[{"href":"https:\/\/bloc.xarxa-omnia.org\/laseu\/wp-json\/wp\/v2\/posts\/1618","targetHints":{"allow":["GET"]}}],"collection":[{"href":"https:\/\/bloc.xarxa-omnia.org\/laseu\/wp-json\/wp\/v2\/posts"}],"about":[{"href":"https:\/\/bloc.xarxa-omnia.org\/laseu\/wp-json\/wp\/v2\/types\/post"}],"author":[{"embeddable":true,"href":"https:\/\/bloc.xarxa-omnia.org\/laseu\/wp-json\/wp\/v2\/users\/92"}],"replies":[{"embeddable":true,"href":"https:\/\/bloc.xarxa-omnia.org\/laseu\/wp-json\/wp\/v2\/comments?post=1618"}],"version-history":[{"count":1,"href":"https:\/\/bloc.xarxa-omnia.org\/laseu\/wp-json\/wp\/v2\/posts\/1618\/revisions"}],"predecessor-version":[{"id":1621,"href":"https:\/\/bloc.xarxa-omnia.org\/laseu\/wp-json\/wp\/v2\/posts\/1618\/revisions\/1621"}],"wp:attachment":[{"href":"https:\/\/bloc.xarxa-omnia.org\/laseu\/wp-json\/wp\/v2\/media?parent=1618"}],"wp:term":[{"taxonomy":"category","embeddable":true,"href":"https:\/\/bloc.xarxa-omnia.org\/laseu\/wp-json\/wp\/v2\/categories?post=1618"},{"taxonomy":"post_tag","embeddable":true,"href":"https:\/\/bloc.xarxa-omnia.org\/laseu\/wp-json\/wp\/v2\/tags?post=1618"}],"curies":[{"name":"wp","href":"https:\/\/api.w.org\/{rel}","templated":true}]}}