{"id":1627,"date":"2017-06-28T10:10:02","date_gmt":"2017-06-28T09:10:02","guid":{"rendered":"http:\/\/xarxaomnia.gencat.cat\/blocs\/laseu\/?p=1627"},"modified":"2017-06-28T11:53:22","modified_gmt":"2017-06-28T10:53:22","slug":"el-punt-omnia-clou-el-curs-2016-2017-amb-el-lliurament-de-219-diplomes","status":"publish","type":"post","link":"https:\/\/bloc.xarxa-omnia.org\/laseu\/2017\/06\/28\/el-punt-omnia-clou-el-curs-2016-2017-amb-el-lliurament-de-219-diplomes\/","title":{"rendered":"El Punt \u00d2mnia clou el curs 2016-2017 amb el lliurament de 219 diplomes"},"content":{"rendered":"<div class=\"documentDescription\">Not\u00edcia extreta de la web <a href=\"http:\/\/www.laseu.cat\/news\/el-punt-omnia-clou-el-curs-2016-2017-amb-el-lliurament-de-219-diplomes\">http:\/\/www.laseu.cat\/news\/el-punt-omnia-clou-el-curs-2016-2017-amb-el-lliurament-de-219-diplomes<\/a><\/div>\n<div id=\"parent-fieldname-description\" class=\"documentDescription\">En aquest curs hi destaca la consolidaci\u00f3 del projecte \u00d2mnia Kids.<\/div>\n<div id=\"viewlet-above-content-body\"><\/div>\n<div id=\"content-core\">\n<div class=\"documentDescription\">27-06-2017<\/div>\n<div class=\"newsImageContainer\"><a id=\"parent-fieldname-image\" class=\"swipebox\" title=\"El Punt \u00d2mnia clou el curs 2016-2017 amb el lliurament de 219 diplomes \" href=\"http:\/\/www.laseu.cat\/news\/el-punt-omnia-clou-el-curs-2016-2017-amb-el-lliurament-de-219-diplomes\/image\"> <img loading=\"lazy\" decoding=\"async\" class=\"newsImage\" title=\"\" src=\"http:\/\/www.laseu.cat\/news\/el-punt-omnia-clou-el-curs-2016-2017-amb-el-lliurament-de-219-diplomes\/image_preview\" alt=\"El Punt \u00d2mnia clou el curs 2016-2017 amb el lliurament de 219 diplomes \" width=\"400\" height=\"225\" \/> <\/a><\/div>\n<div id=\"parent-fieldname-text\" class=\"plain\">\n<p class=\" \">El Punt \u00d2mnia de la Seu d\u2019Urgell ha lliurat aquest mat\u00ed un total de <b>219 diplomes<\/b> als tots aquells urgellencs i urgellenques d\u2019edats diverses que han participat en els tallers sobre noves tecnologies oferts durant el curs 2016-2017.<\/p>\n<p class=\" \">Aquest acte de cloenda curs ha comptat amb la participaci\u00f3 de l\u2019alcalde de la Seu d\u2019Urgell, <b>Albert Batalla<\/b>, la tinent d\u2019alcalde d\u2019Atenci\u00f3 a les Persones, <b>Anna Vives<\/b>, la directora de l\u2019oficina del Servei d\u2019Ocupaci\u00f3 de Catalunya (SOC), <b>Elisa Farr\u00e9<\/b>, aix\u00ed com de la dinamitzadora de l\u2019espai, <b>Ester Collado<\/b>, que han lliurat un per un cadascun dels 219 diplomes dels alumnes del Punt \u00d2mnia de la nostra ciutat.<\/p>\n<p class=\" \">En la seva intervenci\u00f3, l\u2019alcalde urgellenc ha remarcat que <b>\u201c\u00e9s una sort poder disposar d\u2019un espai formatiu com el Punt \u00d2mnia a la nostra ciutat, del qual n\u2019estem molt satisfets, perqu\u00e8 est\u00e0 realitzant una tasca, no nom\u00e9s formativa sin\u00f3 tamb\u00e9 social, molt important\u201d<\/b>.<\/p>\n<p class=\" \">Per la seva part, <b>Anna Vives<\/b> ha volgut destacar la feina que realitza el Punt \u00d2mnia de la Seu d\u2019Urgell amb diferents col\u00b7lectius, als quals adapta la formaci\u00f3 a les seves necessitats o perfils professionals. En aquest sentit, <b>Vives<\/b> ha manifestat que <b>\u201cenguany hi ha hagut una embranzida molt important cap a les persones que han arribat a aquest espai a trav\u00e9s del SOC, fet que ens satisf\u00e0\u00a0 enormement\u201d. <\/b>La tinent d\u2019alcalde ha subratllat <b>\u201cel valor afegit que t\u00e9 el Punt \u00d2mnia de detecci\u00f3 de necessitats de la ciutadania. <\/b><b>\u00d2mnia aporta suport t\u00e8cnic, per\u00f2 l&#8217;aportaci\u00f3 m\u00e9s important la fa en valors, mitjan\u00e7ant el tracte hum\u00e0 i integrador de l&#8217;Ester Collado\u201d.<br \/>\n<\/b><\/p>\n<p class=\" \">Un altre \u00e0mbit que ha treballat el Punt \u00d2mnia \u00e9s el projecte <b>\u00d2mnia Kids<\/b> que el curs passat es va iniciar com a prova pilot i que aquest any ha aconseguit consolidar-se, ja que ha obtingut la col\u00b7laboraci\u00f3 volunt\u00e0ria d\u2019entitats i empreses de la Seu. Al respecte, tinent d\u2019alcalde d\u2019Atenci\u00f3 a les Persones ha explicat que \u00d2mnia Kids ha aconseguit una subvenci\u00f3 important <b>\u201cque permetr\u00e0 fer cr\u00e9ixer aquest projecte i s\u2019hi puguin sumar m\u00e9s professionals\u201d.<\/b><\/p>\n<p class=\" \">Recordem que <b>\u00d2mnia Kids<\/b> \u00e9s un projecte adre\u00e7at a infants amb trastorn de l\u2019espectre autista. Aquesta iniciativa es porta a terme amb la col\u00b7laboraci\u00f3 del Consorci d\u2019Atenci\u00f3 a les Persones, a trav\u00e9s del CDIAP (Centre de Desenvolupament Infantil i Atenci\u00f3 Preco\u00e7).<b><br \/>\n<\/b><\/p>\n<p class=\" \">En l\u2018acte de cloenda, <b>Ester Collado <\/b>ha agra\u00eft a tots els participants que <b>\u201camb el seu esfor\u00e7 i les seves ganes d\u2019aprendre fan possible el projecte \u00d2mnia a la Seu d\u2019Urgell\u201d. \u00a0<\/b><\/p>\n<p class=\" \">Val a dir que anualment el Punt \u00d2mnia, que funciona des de ja fa 14 anys a la nostra ciutat, t\u00e9 uns 300 alumnes que es formen en noves tecnologies.<\/p>\n<p class=\" \"><b>Cursos estiu 2017<br \/>\n<\/b><\/p>\n<p class=\" \">Per aquest estiu, el Punt \u00d2mnia de la Seu d\u2019Urgell oferir\u00e0 dues noves propostes formatives, tal i com ho avan\u00e7at la dinamitzadora d\u2019aquest espai, <b>Ester Collado<\/b>.<\/p>\n<\/div>\n<\/div>\n","protected":false},"excerpt":{"rendered":"<p>Not\u00edcia extreta de la web http:\/\/www.laseu.cat\/news\/el-punt-omnia-clou-el-curs-2016-2017-amb-el-lliurament-de-219-diplomes En aquest curs hi destaca la consolidaci\u00f3 del projecte \u00d2mnia Kids. 27-06-2017 El Punt \u00d2mnia de la Seu d\u2019Urgell ha lliurat aquest mat\u00ed un total de 219 diplomes als tots aquells urgellencs i urgellenques d\u2019edats diverses que han participat en els tallers sobre noves tecnologies oferts durant el curs [&hellip;]<\/p>\n","protected":false},"author":92,"featured_media":0,"comment_status":"open","ping_status":"open","sticky":false,"template":"","format":"standard","meta":{"ngg_post_thumbnail":0,"footnotes":""},"categories":[1],"tags":[],"class_list":["post-1627","post","type-post","status-publish","format-standard","hentry","category-general"],"_links":{"self":[{"href":"https:\/\/bloc.xarxa-omnia.org\/laseu\/wp-json\/wp\/v2\/posts\/1627","targetHints":{"allow":["GET"]}}],"collection":[{"href":"https:\/\/bloc.xarxa-omnia.org\/laseu\/wp-json\/wp\/v2\/posts"}],"about":[{"href":"https:\/\/bloc.xarxa-omnia.org\/laseu\/wp-json\/wp\/v2\/types\/post"}],"author":[{"embeddable":true,"href":"https:\/\/bloc.xarxa-omnia.org\/laseu\/wp-json\/wp\/v2\/users\/92"}],"replies":[{"embeddable":true,"href":"https:\/\/bloc.xarxa-omnia.org\/laseu\/wp-json\/wp\/v2\/comments?post=1627"}],"version-history":[{"count":2,"href":"https:\/\/bloc.xarxa-omnia.org\/laseu\/wp-json\/wp\/v2\/posts\/1627\/revisions"}],"predecessor-version":[{"id":1629,"href":"https:\/\/bloc.xarxa-omnia.org\/laseu\/wp-json\/wp\/v2\/posts\/1627\/revisions\/1629"}],"wp:attachment":[{"href":"https:\/\/bloc.xarxa-omnia.org\/laseu\/wp-json\/wp\/v2\/media?parent=1627"}],"wp:term":[{"taxonomy":"category","embeddable":true,"href":"https:\/\/bloc.xarxa-omnia.org\/laseu\/wp-json\/wp\/v2\/categories?post=1627"},{"taxonomy":"post_tag","embeddable":true,"href":"https:\/\/bloc.xarxa-omnia.org\/laseu\/wp-json\/wp\/v2\/tags?post=1627"}],"curies":[{"name":"wp","href":"https:\/\/api.w.org\/{rel}","templated":true}]}}