{"id":1636,"date":"2017-07-19T11:09:32","date_gmt":"2017-07-19T10:09:32","guid":{"rendered":"http:\/\/xarxaomnia.gencat.cat\/blocs\/laseu\/?p=1636"},"modified":"2017-07-19T11:09:32","modified_gmt":"2017-07-19T10:09:32","slug":"obertes-les-inscripcions-per-al-taller-gratuit-destimulacio-cognitiva-que-es-realitzara-durant-el-mes-dagost-al-punt-omnia","status":"publish","type":"post","link":"https:\/\/bloc.xarxa-omnia.org\/laseu\/2017\/07\/19\/obertes-les-inscripcions-per-al-taller-gratuit-destimulacio-cognitiva-que-es-realitzara-durant-el-mes-dagost-al-punt-omnia\/","title":{"rendered":"Obertes les inscripcions per al taller gratu\u00eft d\u2019estimulaci\u00f3 cognitiva que es realitzar\u00e0 durant el mes d\u2019agost al Punt \u00d2mnia"},"content":{"rendered":"<div id=\"parent-fieldname-description\" class=\"documentDescription\">D\u2019avui i fins el 21 de juliol es poden formalitzar a l\u2019Oficina d\u2019Atenci\u00f3 Ciutadana de l\u2019Ajuntament de la Seu d\u2019Urgell. Adre\u00e7at a persones a partir de 60 anys que vulguin fer refor\u00e7 mental.<\/div>\n<div id=\"viewlet-above-content-body\"><\/div>\n<div id=\"content-core\">\n<div class=\"documentDescription\">17-07-2017<\/div>\n<div class=\"newsImageContainer\"><a id=\"parent-fieldname-image\" class=\"swipebox\" title=\"Obertes les inscripcions per al taller gratu\u00eft d\u2019estimulaci\u00f3 cognitiva que es realitzar\u00e0 durant el mes d\u2019agost al Punt \u00d2mnia \" href=\"http:\/\/www.laseu.cat\/news\/obertes-les-inscripcions-per-al-taller-gratuit-d2019estimulacio-cognitiva-que-es-realitzara-durant-el-mes-d2019agost-al-punt-omnia\/image\"> <img loading=\"lazy\" decoding=\"async\" class=\"newsImage\" title=\"\" src=\"http:\/\/www.laseu.cat\/news\/obertes-les-inscripcions-per-al-taller-gratuit-d2019estimulacio-cognitiva-que-es-realitzara-durant-el-mes-d2019agost-al-punt-omnia\/image_preview\" alt=\"Obertes les inscripcions per al taller gratu\u00eft d\u2019estimulaci\u00f3 cognitiva que es realitzar\u00e0 durant el mes d\u2019agost al Punt \u00d2mnia \" width=\"282\" height=\"400\" \/> <\/a><\/div>\n<div id=\"parent-fieldname-text\" class=\"plain\">\n<p class=\" \">La Regidoria de Gent Gran de l\u2019Ajuntament de la Seu d\u2019Urgell i el Punt \u00d2mnia de la nostra ciutat han organitzat un <b>taller gratu\u00eft d\u2019estimulaci\u00f3 cognitiva<\/b> que tindr\u00e0 lloc <b>del 2 al 30 d\u2019agost<\/b>.<\/p>\n<p class=\" \">Aquest taller, que t\u00e9 com a objectiu refor\u00e7ar la ment, est\u00e0 adre\u00e7at <b>a persones a partir de 60 anys<\/b>, i es desenvolupar\u00e0 a\u00a0 les instal\u00b7lacions del Punt \u00d2mnia de la Seu d\u2019Urgell, tots els dilluns i dimecres del mes d\u2019agost, de 10 del mat\u00ed a dos quarts de 12 del migdia.<b><br \/>\n<\/b><\/p>\n<p class=\" \"><b>Inscripcions<br \/>\n<\/b><\/p>\n<p class=\" \">Per prendre part en aquest taller cal fer inscripci\u00f3 pr\u00e8via des d\u2019avui mateix i fins divendres 21 de juliol a l\u2019Oficina d\u2019Atenci\u00f3 Ciutadana (OAC) de l\u2019Ajuntament urgellenc, a partir de les 9 del mat\u00ed.<\/p>\n<p class=\" \">Les inscripcions es faran per ordre d\u2019arribada. Les places s\u00f3n limitades a 8 persones.<\/p>\n<p class=\" \">Per a m\u00e9s informaci\u00f3 es pot trucar al Consorci d\u2019Atenci\u00f3 a les Persones de l\u2019Alt Urgell, al tel\u00e8fon 973 354 102.<\/p>\n<p class=\" \">Informaci\u00f3 extreta desde el web de www.laseu.cat<\/p>\n<p class=\" \">\n<\/div>\n<\/div>\n","protected":false},"excerpt":{"rendered":"<p>D\u2019avui i fins el 21 de juliol es poden formalitzar a l\u2019Oficina d\u2019Atenci\u00f3 Ciutadana de l\u2019Ajuntament de la Seu d\u2019Urgell. Adre\u00e7at a persones a partir de 60 anys que vulguin fer refor\u00e7 mental. 17-07-2017 La Regidoria de Gent Gran de l\u2019Ajuntament de la Seu d\u2019Urgell i el Punt \u00d2mnia de la nostra ciutat han organitzat [&hellip;]<\/p>\n","protected":false},"author":92,"featured_media":0,"comment_status":"open","ping_status":"open","sticky":false,"template":"","format":"standard","meta":{"ngg_post_thumbnail":0,"footnotes":""},"categories":[1],"tags":[],"class_list":["post-1636","post","type-post","status-publish","format-standard","hentry","category-general"],"_links":{"self":[{"href":"https:\/\/bloc.xarxa-omnia.org\/laseu\/wp-json\/wp\/v2\/posts\/1636","targetHints":{"allow":["GET"]}}],"collection":[{"href":"https:\/\/bloc.xarxa-omnia.org\/laseu\/wp-json\/wp\/v2\/posts"}],"about":[{"href":"https:\/\/bloc.xarxa-omnia.org\/laseu\/wp-json\/wp\/v2\/types\/post"}],"author":[{"embeddable":true,"href":"https:\/\/bloc.xarxa-omnia.org\/laseu\/wp-json\/wp\/v2\/users\/92"}],"replies":[{"embeddable":true,"href":"https:\/\/bloc.xarxa-omnia.org\/laseu\/wp-json\/wp\/v2\/comments?post=1636"}],"version-history":[{"count":1,"href":"https:\/\/bloc.xarxa-omnia.org\/laseu\/wp-json\/wp\/v2\/posts\/1636\/revisions"}],"predecessor-version":[{"id":1637,"href":"https:\/\/bloc.xarxa-omnia.org\/laseu\/wp-json\/wp\/v2\/posts\/1636\/revisions\/1637"}],"wp:attachment":[{"href":"https:\/\/bloc.xarxa-omnia.org\/laseu\/wp-json\/wp\/v2\/media?parent=1636"}],"wp:term":[{"taxonomy":"category","embeddable":true,"href":"https:\/\/bloc.xarxa-omnia.org\/laseu\/wp-json\/wp\/v2\/categories?post=1636"},{"taxonomy":"post_tag","embeddable":true,"href":"https:\/\/bloc.xarxa-omnia.org\/laseu\/wp-json\/wp\/v2\/tags?post=1636"}],"curies":[{"name":"wp","href":"https:\/\/api.w.org\/{rel}","templated":true}]}}