{"id":1657,"date":"2017-09-13T12:11:01","date_gmt":"2017-09-13T11:11:01","guid":{"rendered":"http:\/\/xarxaomnia.gencat.cat\/blocs\/laseu\/?p=1657"},"modified":"2017-09-13T12:15:32","modified_gmt":"2017-09-13T11:15:32","slug":"gent-gran-sempre-activa","status":"publish","type":"post","link":"https:\/\/bloc.xarxa-omnia.org\/laseu\/2017\/09\/13\/gent-gran-sempre-activa\/","title":{"rendered":"Gent Gran sempre activa!"},"content":{"rendered":"<p>Aquest trimestre tamb\u00e9 hem pensat amb un taller per a la gent Gran.<br \/>\nSobretot per a la gent gran que encara es perd en el m\u00f3n tecnol\u00f2gic, persones que volem iniciar-se al m\u00f3n de l&#8217;alfabetitzaci\u00f3 digital, persones que volem aprendre a fer anar un ordinador i comen\u00e7ar a aprendre a fer anar el processador de text.<br \/>\nAquest taller est\u00e0 pensat per persones a partir de 60 anys i el fem amb col\u00b7laboraci\u00f3 de la regidoria de la gent gran de l&#8217;Ajuntament de La Seu d&#8217;Urgell.<br \/>\nEl taller es realitzar\u00e0 del 5 d&#8217;octubre al 25 de gener del 2018, tots els dijous d&#8217;11 a 12 h.<\/p>\n<p><strong>Inscripcions del 18 al 22 de setembre a l&#8217;Oficina d&#8217;Atenci\u00f3 al Ciutad\u00e0, Ajuntament de La SEu d&#8217;Urgell a partir de les 9 del mat\u00ed.<\/strong><\/p>\n<p><a href=\"http:\/\/xarxaomnia.gencat.cat\/blocs\/laseu\/files\/2017\/09\/Taller-Gent-Gran-setembre-desembre-\u00d2mnialogos.jpg\" rel=\"attachment wp-att-1658\"><img loading=\"lazy\" decoding=\"async\" class=\"alignnone size-medium wp-image-1658\" src=\"http:\/\/xarxaomnia.gencat.cat\/blocs\/laseu\/files\/2017\/09\/Taller-Gent-Gran-setembre-desembre-\u00d2mnialogos-212x300.jpg\" alt=\"Taller Gent Gran setembre - desembre \u00d2mnia(logos)\" width=\"212\" height=\"300\" srcset=\"https:\/\/bloc.xarxa-omnia.org\/laseu\/files\/2017\/09\/Taller-Gent-Gran-setembre-desembre-\u00d2mnialogos-212x300.jpg 212w, https:\/\/bloc.xarxa-omnia.org\/laseu\/files\/2017\/09\/Taller-Gent-Gran-setembre-desembre-\u00d2mnialogos-768x1086.jpg 768w, https:\/\/bloc.xarxa-omnia.org\/laseu\/files\/2017\/09\/Taller-Gent-Gran-setembre-desembre-\u00d2mnialogos-724x1024.jpg 724w, https:\/\/bloc.xarxa-omnia.org\/laseu\/files\/2017\/09\/Taller-Gent-Gran-setembre-desembre-\u00d2mnialogos.jpg 1652w\" sizes=\"auto, (max-width: 212px) 100vw, 212px\" \/><\/a><\/p>\n","protected":false},"excerpt":{"rendered":"<p>Aquest trimestre tamb\u00e9 hem pensat amb un taller per a la gent Gran. Sobretot per a la gent gran que encara es perd en el m\u00f3n tecnol\u00f2gic, persones que volem iniciar-se al m\u00f3n de l&#8217;alfabetitzaci\u00f3 digital, persones que volem aprendre a fer anar un ordinador i comen\u00e7ar a aprendre a fer anar el processador de [&hellip;]<\/p>\n","protected":false},"author":92,"featured_media":0,"comment_status":"open","ping_status":"open","sticky":false,"template":"","format":"standard","meta":{"ngg_post_thumbnail":0,"footnotes":""},"categories":[1],"tags":[],"class_list":["post-1657","post","type-post","status-publish","format-standard","hentry","category-general"],"_links":{"self":[{"href":"https:\/\/bloc.xarxa-omnia.org\/laseu\/wp-json\/wp\/v2\/posts\/1657","targetHints":{"allow":["GET"]}}],"collection":[{"href":"https:\/\/bloc.xarxa-omnia.org\/laseu\/wp-json\/wp\/v2\/posts"}],"about":[{"href":"https:\/\/bloc.xarxa-omnia.org\/laseu\/wp-json\/wp\/v2\/types\/post"}],"author":[{"embeddable":true,"href":"https:\/\/bloc.xarxa-omnia.org\/laseu\/wp-json\/wp\/v2\/users\/92"}],"replies":[{"embeddable":true,"href":"https:\/\/bloc.xarxa-omnia.org\/laseu\/wp-json\/wp\/v2\/comments?post=1657"}],"version-history":[{"count":2,"href":"https:\/\/bloc.xarxa-omnia.org\/laseu\/wp-json\/wp\/v2\/posts\/1657\/revisions"}],"predecessor-version":[{"id":1660,"href":"https:\/\/bloc.xarxa-omnia.org\/laseu\/wp-json\/wp\/v2\/posts\/1657\/revisions\/1660"}],"wp:attachment":[{"href":"https:\/\/bloc.xarxa-omnia.org\/laseu\/wp-json\/wp\/v2\/media?parent=1657"}],"wp:term":[{"taxonomy":"category","embeddable":true,"href":"https:\/\/bloc.xarxa-omnia.org\/laseu\/wp-json\/wp\/v2\/categories?post=1657"},{"taxonomy":"post_tag","embeddable":true,"href":"https:\/\/bloc.xarxa-omnia.org\/laseu\/wp-json\/wp\/v2\/tags?post=1657"}],"curies":[{"name":"wp","href":"https:\/\/api.w.org\/{rel}","templated":true}]}}