{"id":1678,"date":"2017-12-04T08:20:14","date_gmt":"2017-12-04T07:20:14","guid":{"rendered":"http:\/\/xarxaomnia.gencat.cat\/blocs\/laseu\/?p=1678"},"modified":"2017-12-04T08:25:08","modified_gmt":"2017-12-04T07:25:08","slug":"joituelsmateixosdrets","status":"publish","type":"post","link":"https:\/\/bloc.xarxa-omnia.org\/laseu\/2017\/12\/04\/joituelsmateixosdrets\/","title":{"rendered":"#JoITuElsMateixosDrets"},"content":{"rendered":"<p>Ahir diumenge 3 de desembre era el Dia Internacional de les Persones amb Discapacitat<br \/>\n<span class=\"hiddenSpellError\">Fa<\/span> un temps, no gaire, us vaig explicar el projecte que fem amb el Taller Claror, el projecte Veus.<br \/>\nUn projecte amb objectius com treballar la part t\u00e8cnica audiovisual i comunicativa, a m\u00e9s de recursos i d&#8217;autonomia personal.<br \/>\nAra fa m\u00e9s d&#8217;un any que vam engegar aquest s\u00faper projecte i aquest dimarts van poder realitzar la nostra primera entrevista.<br \/>\nAquest passat dimarts dia 28, tots est\u00e0vem una mica neguitosos, era la nostra primera entrevista, tothom estava preparat, c\u00e0meres, attrezzo i grup d&#8217;entrevistadors, tothom ajudava i tothom feia.<br \/>\nVa ser genial, una hora i mitja que es va &#8220;esfumar&#8221; sense adornar-nos.<\/p>\n<p>Amb persones que treballen amb aquest nivell on \u00e9s la <del>dis<\/del>capacitat?<\/p>\n<p>I perqu\u00e8 en aquest post parlo de dos temes &#8220;diferents&#8221;? Doncs justament per aix\u00f2, pels drets i deures de tots, del treball i l&#8217;esfor\u00e7 de les persones sense haver de parlar de discapacitat.<br \/>\nSi en el 2017 seguim parlant i reivindicant drets de les persones amb discapacitat, de les dones, dels infants&#8230;, haur\u00edem de fer-nos la pregunta del que s&#8217;est\u00e0 fent oi?<\/p>\n<p>Doncs si, senyors\/es, s&#8217;est\u00e0 treballant i molt des de les entitats, els professionals, les persones que tenen aquestes &#8220;<del>dis<\/del>capacitats&#8221; i gent que creu i continua lluitant i ajudant als altres, seguirem treballant i fort.<br \/>\nDonar les gr\u00e0cies al departament cultura de l&#8217;ajuntament per cedir-nos la sala La Cuina i la seva ajuda i tamb\u00e9 donar les GR\u00c0CIES maj\u00fascules el Joel Pla, persona entrevistada.<\/p>\n<p>Per\u00f2 sobretot donar les gr\u00e0cies a totes les persones del Taller Claror, pel que feu, per tot el que em doneu i per tot el que aprenc amb vosaltres, GR\u00c0CIES!!<\/p>\n<p>#<span class=\"hiddenSpellError\">JoITuElsMateixosDrets<\/span><br \/>\n#<span class=\"hiddenSpellError\">claroralturgell<\/span><br \/>\n#drets<\/p>\n<p><a href=\"http:\/\/xarxaomnia.gencat.cat\/blocs\/laseu\/files\/2017\/12\/20171128_111749.jpg\" rel=\"attachment wp-att-1680\"><img loading=\"lazy\" decoding=\"async\" class=\"alignnone size-medium wp-image-1680\" src=\"http:\/\/xarxaomnia.gencat.cat\/blocs\/laseu\/files\/2017\/12\/20171128_111749-300x168.jpg\" alt=\"20171128_111749\" width=\"300\" height=\"168\" srcset=\"https:\/\/bloc.xarxa-omnia.org\/laseu\/files\/2017\/12\/20171128_111749-300x168.jpg 300w, https:\/\/bloc.xarxa-omnia.org\/laseu\/files\/2017\/12\/20171128_111749-768x429.jpg 768w, https:\/\/bloc.xarxa-omnia.org\/laseu\/files\/2017\/12\/20171128_111749-1024x572.jpg 1024w\" sizes=\"auto, (max-width: 300px) 100vw, 300px\" \/><\/a><\/p>\n","protected":false},"excerpt":{"rendered":"<p>Ahir diumenge 3 de desembre era el Dia Internacional de les Persones amb Discapacitat Fa un temps, no gaire, us vaig explicar el projecte que fem amb el Taller Claror, el projecte Veus. Un projecte amb objectius com treballar la part t\u00e8cnica audiovisual i comunicativa, a m\u00e9s de recursos i d&#8217;autonomia personal. Ara fa m\u00e9s [&hellip;]<\/p>\n","protected":false},"author":92,"featured_media":0,"comment_status":"open","ping_status":"open","sticky":false,"template":"","format":"standard","meta":{"ngg_post_thumbnail":0,"footnotes":""},"categories":[1],"tags":[],"class_list":["post-1678","post","type-post","status-publish","format-standard","hentry","category-general"],"_links":{"self":[{"href":"https:\/\/bloc.xarxa-omnia.org\/laseu\/wp-json\/wp\/v2\/posts\/1678","targetHints":{"allow":["GET"]}}],"collection":[{"href":"https:\/\/bloc.xarxa-omnia.org\/laseu\/wp-json\/wp\/v2\/posts"}],"about":[{"href":"https:\/\/bloc.xarxa-omnia.org\/laseu\/wp-json\/wp\/v2\/types\/post"}],"author":[{"embeddable":true,"href":"https:\/\/bloc.xarxa-omnia.org\/laseu\/wp-json\/wp\/v2\/users\/92"}],"replies":[{"embeddable":true,"href":"https:\/\/bloc.xarxa-omnia.org\/laseu\/wp-json\/wp\/v2\/comments?post=1678"}],"version-history":[{"count":3,"href":"https:\/\/bloc.xarxa-omnia.org\/laseu\/wp-json\/wp\/v2\/posts\/1678\/revisions"}],"predecessor-version":[{"id":1683,"href":"https:\/\/bloc.xarxa-omnia.org\/laseu\/wp-json\/wp\/v2\/posts\/1678\/revisions\/1683"}],"wp:attachment":[{"href":"https:\/\/bloc.xarxa-omnia.org\/laseu\/wp-json\/wp\/v2\/media?parent=1678"}],"wp:term":[{"taxonomy":"category","embeddable":true,"href":"https:\/\/bloc.xarxa-omnia.org\/laseu\/wp-json\/wp\/v2\/categories?post=1678"},{"taxonomy":"post_tag","embeddable":true,"href":"https:\/\/bloc.xarxa-omnia.org\/laseu\/wp-json\/wp\/v2\/tags?post=1678"}],"curies":[{"name":"wp","href":"https:\/\/api.w.org\/{rel}","templated":true}]}}