{"id":169,"date":"2009-08-12T08:08:16","date_gmt":"2009-08-12T07:08:16","guid":{"rendered":"http:\/\/blog.xarxa-omnia.org\/laseu\/?p=169"},"modified":"2009-08-12T08:09:58","modified_gmt":"2009-08-12T07:09:58","slug":"paisatges","status":"publish","type":"post","link":"https:\/\/bloc.xarxa-omnia.org\/laseu\/2009\/08\/12\/paisatges\/","title":{"rendered":"Paisatges&#8230;."},"content":{"rendered":"<p><!--[if gte mso 9]&gt;  Normal 0 21   false false false        MicrosoftInternetExplorer4  &lt;![endif]--><!--[if gte mso 9]&gt;   &lt;![endif]--><!--[if !mso]&gt;--><\/p>\n<p class=\"MsoNormal\">Des de la  Comunitat \u00d2mnia ens va demanar la participaci\u00f3 a l\u2019activitat de \u201cPaisatges d\u2019\u00d2mnia\u201d.<\/p>\n<p class=\"MsoNormal\">Vaig fer un mailing<span> <\/span>i molts de vosaltres vau respondre gaireb\u00e9 de manera immediata.<\/p>\n<p class=\"MsoNormal\">Ara totes les vostres aportacions estan penjades a la web de la Comunitat \u00d2mnia i aqu\u00ed teniu l\u2019enlla\u00e7 per poder veure tot el recull.<\/p>\n<p class=\"MsoNormal\">Una vegada m\u00e9s donar les gr\u00e0cies a tothom per la participaci\u00f3.<\/p>\n<p class=\"MsoNormal\"><a href=\"http:\/\/xarxaomnia.gencat.cat\/blocs\/odc\/2009\/07\/31\/els-racons-favorits-dels-participants-de-lomnia-de-la-seu\/\">http:\/\/xarxaomnia.gencat.cat\/blocs\/odc\/2009\/07\/31\/els-racons-favorits-dels-participants-de-lomnia-de-la-seu\/<\/a><\/p>\n<p class=\"MsoNormal\">\n<p class=\"MsoNormal\"><a href=\"http:\/\/xarxaomnia.gencat.cat\/blocs\/laseu\/files\/2009\/08\/img_0575.jpg\"><img loading=\"lazy\" decoding=\"async\" class=\"aligncenter size-medium wp-image-171\" src=\"http:\/\/xarxaomnia.gencat.cat\/blocs\/laseu\/files\/2009\/08\/img_0575-300x225.jpg\" alt=\"img_0575\" width=\"300\" height=\"225\" srcset=\"https:\/\/bloc.xarxa-omnia.org\/laseu\/files\/2009\/08\/img_0575-300x225.jpg 300w, https:\/\/bloc.xarxa-omnia.org\/laseu\/files\/2009\/08\/img_0575.jpg 1024w\" sizes=\"auto, (max-width: 300px) 100vw, 300px\" \/><\/a><\/p>\n","protected":false},"excerpt":{"rendered":"<p>Des de la Comunitat \u00d2mnia ens va demanar la participaci\u00f3 a l\u2019activitat de \u201cPaisatges d\u2019\u00d2mnia\u201d. Vaig fer un mailing i molts de vosaltres vau respondre gaireb\u00e9 de manera immediata. Ara totes les vostres aportacions estan penjades a la web de la Comunitat \u00d2mnia i aqu\u00ed teniu l\u2019enlla\u00e7 per poder veure tot el recull. Una vegada [&hellip;]<\/p>\n","protected":false},"author":92,"featured_media":0,"comment_status":"open","ping_status":"open","sticky":false,"template":"","format":"standard","meta":{"ngg_post_thumbnail":0,"footnotes":""},"categories":[1],"tags":[],"class_list":["post-169","post","type-post","status-publish","format-standard","hentry","category-general"],"_links":{"self":[{"href":"https:\/\/bloc.xarxa-omnia.org\/laseu\/wp-json\/wp\/v2\/posts\/169","targetHints":{"allow":["GET"]}}],"collection":[{"href":"https:\/\/bloc.xarxa-omnia.org\/laseu\/wp-json\/wp\/v2\/posts"}],"about":[{"href":"https:\/\/bloc.xarxa-omnia.org\/laseu\/wp-json\/wp\/v2\/types\/post"}],"author":[{"embeddable":true,"href":"https:\/\/bloc.xarxa-omnia.org\/laseu\/wp-json\/wp\/v2\/users\/92"}],"replies":[{"embeddable":true,"href":"https:\/\/bloc.xarxa-omnia.org\/laseu\/wp-json\/wp\/v2\/comments?post=169"}],"version-history":[{"count":4,"href":"https:\/\/bloc.xarxa-omnia.org\/laseu\/wp-json\/wp\/v2\/posts\/169\/revisions"}],"predecessor-version":[{"id":174,"href":"https:\/\/bloc.xarxa-omnia.org\/laseu\/wp-json\/wp\/v2\/posts\/169\/revisions\/174"}],"wp:attachment":[{"href":"https:\/\/bloc.xarxa-omnia.org\/laseu\/wp-json\/wp\/v2\/media?parent=169"}],"wp:term":[{"taxonomy":"category","embeddable":true,"href":"https:\/\/bloc.xarxa-omnia.org\/laseu\/wp-json\/wp\/v2\/categories?post=169"},{"taxonomy":"post_tag","embeddable":true,"href":"https:\/\/bloc.xarxa-omnia.org\/laseu\/wp-json\/wp\/v2\/tags?post=169"}],"curies":[{"name":"wp","href":"https:\/\/api.w.org\/{rel}","templated":true}]}}