{"id":1690,"date":"2018-01-08T12:30:47","date_gmt":"2018-01-08T11:30:47","guid":{"rendered":"http:\/\/xarxaomnia.gencat.cat\/blocs\/laseu\/?p=1690"},"modified":"2018-01-08T12:32:13","modified_gmt":"2018-01-08T11:32:13","slug":"tallers-dhivern-amb-competencies-digitals-hivern-2018","status":"publish","type":"post","link":"https:\/\/bloc.xarxa-omnia.org\/laseu\/2018\/01\/08\/tallers-dhivern-amb-competencies-digitals-hivern-2018\/","title":{"rendered":"Tallers d&#8217;hivern amb Compet\u00e8ncies Digitals- Hivern 2018"},"content":{"rendered":"<p>Ja tenim la nova programaci\u00f3 als Tallers amb Compet\u00e8ncies Digitals programats per aquest II trimestre -Hivern 2018.<\/p>\n<p>Els tallers programats s\u00f3n:<\/p>\n<ul>\n<li>Activa la teva ment-Estimulaci\u00f3 Cognitiva &#8211; els dilluns de 10 a 11.30 h.<\/li>\n<li>Tauletes T\u00e0ctils-Els dilluns de 16 a 17 h.<\/li>\n<li>Fes Xarxa!-Treballar amb la Xarxa Social Facebook- Els dilluns de 17 a 18 h.<\/li>\n<li>Retoca imatges amb <span class=\"hiddenSpellError\">Gimp<\/span>&#8211; Els dimarts de 15 a 16.30 h.<\/li>\n<li>Mou-te pel m\u00f2bil- Taller de Tel\u00e8fons intel\u00b7ligents- els dimecres d&#8217;11 a 12 h.<\/li>\n<li>Activa la teva ment- Estimulaci\u00f3 Cognitiva- Els dijous de 15 a 16.30 h.<\/li>\n<li>En un n\u00favol- Apr\u00e8n com fer anar el teu n\u00favol- Els divendres de 10 a 11 h.<\/li>\n<li>I tu, com navegues? Navegaci\u00f3 amb Firefox i Chrome- Els divendres d&#8217;11 a 12 h.<\/li>\n<\/ul>\n<p>Recordeu que a partir de dilluns 15 de gener, podeu fer les inscripcions telem\u00e0ticament des del web <a href=\"http:\/\/www.laseu.cat\/tramits-i-serveis\/inscripcions\">www.laseu.cat\/tramits-i-serveis\/inscripcions<\/a> a partir de les 9 del mat\u00ed i els dies 17 i 18 de gener us podeu dirigir de forma presencial a l&#8217;oficina d&#8217;Atenci\u00f3 al Ciutad\u00e0 (<span class=\"hiddenSpellError\">OAC<\/span>) de l&#8217;Ajuntament de La Seu d&#8217;Urgell, a partir de les 9 del mat\u00ed.<\/p>\n<p>Per un 2018 ple de formacions amb TIC!<br \/>\nSom-hi!<\/p>\n<p><a href=\"http:\/\/xarxaomnia.gencat.cat\/blocs\/laseu\/files\/2018\/01\/Cartell-Gener-Abril-2018.jpg\" rel=\"attachment wp-att-1691\"><img loading=\"lazy\" decoding=\"async\" class=\"alignnone size-medium wp-image-1691\" src=\"http:\/\/xarxaomnia.gencat.cat\/blocs\/laseu\/files\/2018\/01\/Cartell-Gener-Abril-2018-212x300.jpg\" alt=\"Cartell Gener-Abril 2018\" width=\"212\" height=\"300\" srcset=\"https:\/\/bloc.xarxa-omnia.org\/laseu\/files\/2018\/01\/Cartell-Gener-Abril-2018-212x300.jpg 212w, https:\/\/bloc.xarxa-omnia.org\/laseu\/files\/2018\/01\/Cartell-Gener-Abril-2018-768x1087.jpg 768w, https:\/\/bloc.xarxa-omnia.org\/laseu\/files\/2018\/01\/Cartell-Gener-Abril-2018-724x1024.jpg 724w, https:\/\/bloc.xarxa-omnia.org\/laseu\/files\/2018\/01\/Cartell-Gener-Abril-2018.jpg 1169w\" sizes=\"auto, (max-width: 212px) 100vw, 212px\" \/><\/a><\/p>\n<p>&nbsp;<\/p>\n","protected":false},"excerpt":{"rendered":"<p>Ja tenim la nova programaci\u00f3 als Tallers amb Compet\u00e8ncies Digitals programats per aquest II trimestre -Hivern 2018. Els tallers programats s\u00f3n: Activa la teva ment-Estimulaci\u00f3 Cognitiva &#8211; els dilluns de 10 a 11.30 h. Tauletes T\u00e0ctils-Els dilluns de 16 a 17 h. Fes Xarxa!-Treballar amb la Xarxa Social Facebook- Els dilluns de 17 a 18 [&hellip;]<\/p>\n","protected":false},"author":92,"featured_media":0,"comment_status":"open","ping_status":"open","sticky":false,"template":"","format":"standard","meta":{"ngg_post_thumbnail":0,"footnotes":""},"categories":[1],"tags":[],"class_list":["post-1690","post","type-post","status-publish","format-standard","hentry","category-general"],"_links":{"self":[{"href":"https:\/\/bloc.xarxa-omnia.org\/laseu\/wp-json\/wp\/v2\/posts\/1690","targetHints":{"allow":["GET"]}}],"collection":[{"href":"https:\/\/bloc.xarxa-omnia.org\/laseu\/wp-json\/wp\/v2\/posts"}],"about":[{"href":"https:\/\/bloc.xarxa-omnia.org\/laseu\/wp-json\/wp\/v2\/types\/post"}],"author":[{"embeddable":true,"href":"https:\/\/bloc.xarxa-omnia.org\/laseu\/wp-json\/wp\/v2\/users\/92"}],"replies":[{"embeddable":true,"href":"https:\/\/bloc.xarxa-omnia.org\/laseu\/wp-json\/wp\/v2\/comments?post=1690"}],"version-history":[{"count":3,"href":"https:\/\/bloc.xarxa-omnia.org\/laseu\/wp-json\/wp\/v2\/posts\/1690\/revisions"}],"predecessor-version":[{"id":1694,"href":"https:\/\/bloc.xarxa-omnia.org\/laseu\/wp-json\/wp\/v2\/posts\/1690\/revisions\/1694"}],"wp:attachment":[{"href":"https:\/\/bloc.xarxa-omnia.org\/laseu\/wp-json\/wp\/v2\/media?parent=1690"}],"wp:term":[{"taxonomy":"category","embeddable":true,"href":"https:\/\/bloc.xarxa-omnia.org\/laseu\/wp-json\/wp\/v2\/categories?post=1690"},{"taxonomy":"post_tag","embeddable":true,"href":"https:\/\/bloc.xarxa-omnia.org\/laseu\/wp-json\/wp\/v2\/tags?post=1690"}],"curies":[{"name":"wp","href":"https:\/\/api.w.org\/{rel}","templated":true}]}}