{"id":1771,"date":"2018-08-29T07:25:57","date_gmt":"2018-08-29T06:25:57","guid":{"rendered":"http:\/\/xarxaomnia.gencat.cat\/blocs\/laseu\/?p=1771"},"modified":"2018-08-29T07:26:22","modified_gmt":"2018-08-29T06:26:22","slug":"pregofm2018","status":"publish","type":"post","link":"https:\/\/bloc.xarxa-omnia.org\/laseu\/2018\/08\/29\/pregofm2018\/","title":{"rendered":"#Preg\u00f3Fm2018"},"content":{"rendered":"<p>Des de l&#8217;ajuntament de La Seu, es va fer l&#8217;enc\u00e0rrec al Taller Claror de fer el preg\u00f3 de festa major, tot un repte!<\/p>\n<p>Ha estat el nostre projecte durant m\u00e9s d&#8217;un any, un projecte col\u00b7laboratiu entre Taller Claror, <span class=\"hiddenSpellError\">Ququt<\/span>, Tito <span class=\"hiddenSpellError\">Galindo<\/span>, les &#8220;persones entrevistades&#8221; i Punt <span class=\"hiddenSpellError\">\u00d2mnia<\/span>.<\/p>\n<p>Ha estat un any dur, sortint amb pluja, neu, calor i fred, per\u00f2 ha estat un treball constant i un treball que ha donat capacitat a tothom. Estic sense paraules. Orgullosa de vosaltres!!<\/p>\n<p>#TallerClaror #Punt\u00d2mniaSeu #Preg\u00f3FM2018 #Tic #Xarxa\u00d2mnia #laseu #capacitats<\/p>\n<p><iframe loading=\"lazy\" title=\"#Taller Claror #Preg\u00f3FM2018\" width=\"625\" height=\"352\" src=\"https:\/\/www.youtube.com\/embed\/dRPcs-NulLk?feature=oembed\" frameborder=\"0\" allow=\"accelerometer; autoplay; clipboard-write; encrypted-media; gyroscope; picture-in-picture; web-share\" referrerpolicy=\"strict-origin-when-cross-origin\" allowfullscreen><\/iframe><\/p>\n<p>Dissabte tothom estava nervi\u00f3s, per\u00f2 veure la pla\u00e7a plena de gom a gom, sentir i escoltar el silenci, tothom estava atent, pell de gallina (deixo l&#8217;enlla\u00e7 del v\u00eddeo amb directe) <a href=\"http:\/\/www.fmlaseu.cat\/prego-fmlaseu18\/\" target=\"_blank\">http:\/\/www.fmlaseu.cat\/prego-fmlaseu18\/<\/a><\/p>\n<p>Sou molt grans!<\/p>\n","protected":false},"excerpt":{"rendered":"<p>Des de l&#8217;ajuntament de La Seu, es va fer l&#8217;enc\u00e0rrec al Taller Claror de fer el preg\u00f3 de festa major, tot un repte! Ha estat el nostre projecte durant m\u00e9s d&#8217;un any, un projecte col\u00b7laboratiu entre Taller Claror, Ququt, Tito Galindo, les &#8220;persones entrevistades&#8221; i Punt \u00d2mnia. Ha estat un any dur, sortint amb pluja, [&hellip;]<\/p>\n","protected":false},"author":92,"featured_media":0,"comment_status":"open","ping_status":"open","sticky":false,"template":"","format":"standard","meta":{"ngg_post_thumbnail":0,"footnotes":""},"categories":[1],"tags":[],"class_list":["post-1771","post","type-post","status-publish","format-standard","hentry","category-general"],"_links":{"self":[{"href":"https:\/\/bloc.xarxa-omnia.org\/laseu\/wp-json\/wp\/v2\/posts\/1771","targetHints":{"allow":["GET"]}}],"collection":[{"href":"https:\/\/bloc.xarxa-omnia.org\/laseu\/wp-json\/wp\/v2\/posts"}],"about":[{"href":"https:\/\/bloc.xarxa-omnia.org\/laseu\/wp-json\/wp\/v2\/types\/post"}],"author":[{"embeddable":true,"href":"https:\/\/bloc.xarxa-omnia.org\/laseu\/wp-json\/wp\/v2\/users\/92"}],"replies":[{"embeddable":true,"href":"https:\/\/bloc.xarxa-omnia.org\/laseu\/wp-json\/wp\/v2\/comments?post=1771"}],"version-history":[{"count":2,"href":"https:\/\/bloc.xarxa-omnia.org\/laseu\/wp-json\/wp\/v2\/posts\/1771\/revisions"}],"predecessor-version":[{"id":1773,"href":"https:\/\/bloc.xarxa-omnia.org\/laseu\/wp-json\/wp\/v2\/posts\/1771\/revisions\/1773"}],"wp:attachment":[{"href":"https:\/\/bloc.xarxa-omnia.org\/laseu\/wp-json\/wp\/v2\/media?parent=1771"}],"wp:term":[{"taxonomy":"category","embeddable":true,"href":"https:\/\/bloc.xarxa-omnia.org\/laseu\/wp-json\/wp\/v2\/categories?post=1771"},{"taxonomy":"post_tag","embeddable":true,"href":"https:\/\/bloc.xarxa-omnia.org\/laseu\/wp-json\/wp\/v2\/tags?post=1771"}],"curies":[{"name":"wp","href":"https:\/\/api.w.org\/{rel}","templated":true}]}}