{"id":1774,"date":"2018-08-29T10:13:39","date_gmt":"2018-08-29T09:13:39","guid":{"rendered":"http:\/\/xarxaomnia.gencat.cat\/blocs\/laseu\/?p=1774"},"modified":"2018-08-29T10:36:10","modified_gmt":"2018-08-29T09:36:10","slug":"programacio-tardor-2018","status":"publish","type":"post","link":"https:\/\/bloc.xarxa-omnia.org\/laseu\/2018\/08\/29\/programacio-tardor-2018\/","title":{"rendered":"Programaci\u00f3 Tardor 2018"},"content":{"rendered":"<p>A la Seu no parem&#8230;, ja tenim la nova programaci\u00f3 i dels nous Tallers amb Compet\u00e8ncies <span class=\"hiddenGrammarError\">Digitals<\/span><\/p>\n<p>Com sempre hem pensat amb tothom per oferir tallers amb diferents tem\u00e0tiques i nivells.<\/p>\n<p>Aqu\u00ed teniu la nova proposta:<\/p>\n<p><a href=\"http:\/\/xarxaomnia.gencat.cat\/blocs\/laseu\/files\/2018\/08\/Setembre-desembre-PO-lEscorxador.jpg\" rel=\"attachment wp-att-1775\"><img loading=\"lazy\" decoding=\"async\" class=\"alignnone size-medium wp-image-1775\" src=\"http:\/\/xarxaomnia.gencat.cat\/blocs\/laseu\/files\/2018\/08\/Setembre-desembre-PO-lEscorxador-212x300.jpg\" alt=\"Setembre-desembre PO l'Escorxador\" width=\"212\" height=\"300\" srcset=\"https:\/\/bloc.xarxa-omnia.org\/laseu\/files\/2018\/08\/Setembre-desembre-PO-lEscorxador-212x300.jpg 212w, https:\/\/bloc.xarxa-omnia.org\/laseu\/files\/2018\/08\/Setembre-desembre-PO-lEscorxador-768x1086.jpg 768w, https:\/\/bloc.xarxa-omnia.org\/laseu\/files\/2018\/08\/Setembre-desembre-PO-lEscorxador-724x1024.jpg 724w, https:\/\/bloc.xarxa-omnia.org\/laseu\/files\/2018\/08\/Setembre-desembre-PO-lEscorxador.jpg 1169w\" sizes=\"auto, (max-width: 212px) 100vw, 212px\" \/><\/a><\/p>\n<p>Tots els tallers comencen la setmana del 17 de setembre de 2018.<\/p>\n<p><strong>Dates d&#8217;inscripci\u00f3<\/strong><\/p>\n<p>Inscripcions telem\u00e0tiques- 5 i 6 de setembre de 2018 a trav\u00e9s del web i a partir de les 9 del mat\u00ed\u00a0 <a href=\"http:\/\/www.laseu.cat\/tramits-i-serveis\/inscripcions\">www.laseu.cat\/tramits-i-serveis\/inscripcions<\/a><\/p>\n<p>Inscripcions presencials- 12 i 13 de setembre de 2018 a l&#8217;Oac (Oficina d&#8217;Atenci\u00f3 al Ciutad\u00e0 de l&#8217;Ajuntament de La Seu) a partir de les 9 del mat\u00ed.<\/p>\n","protected":false},"excerpt":{"rendered":"<p>A la Seu no parem&#8230;, ja tenim la nova programaci\u00f3 i dels nous Tallers amb Compet\u00e8ncies Digitals Com sempre hem pensat amb tothom per oferir tallers amb diferents tem\u00e0tiques i nivells. Aqu\u00ed teniu la nova proposta: Tots els tallers comencen la setmana del 17 de setembre de 2018. Dates d&#8217;inscripci\u00f3 Inscripcions telem\u00e0tiques- 5 i 6 [&hellip;]<\/p>\n","protected":false},"author":92,"featured_media":0,"comment_status":"open","ping_status":"open","sticky":false,"template":"","format":"standard","meta":{"ngg_post_thumbnail":0,"footnotes":""},"categories":[1],"tags":[],"class_list":["post-1774","post","type-post","status-publish","format-standard","hentry","category-general"],"_links":{"self":[{"href":"https:\/\/bloc.xarxa-omnia.org\/laseu\/wp-json\/wp\/v2\/posts\/1774","targetHints":{"allow":["GET"]}}],"collection":[{"href":"https:\/\/bloc.xarxa-omnia.org\/laseu\/wp-json\/wp\/v2\/posts"}],"about":[{"href":"https:\/\/bloc.xarxa-omnia.org\/laseu\/wp-json\/wp\/v2\/types\/post"}],"author":[{"embeddable":true,"href":"https:\/\/bloc.xarxa-omnia.org\/laseu\/wp-json\/wp\/v2\/users\/92"}],"replies":[{"embeddable":true,"href":"https:\/\/bloc.xarxa-omnia.org\/laseu\/wp-json\/wp\/v2\/comments?post=1774"}],"version-history":[{"count":3,"href":"https:\/\/bloc.xarxa-omnia.org\/laseu\/wp-json\/wp\/v2\/posts\/1774\/revisions"}],"predecessor-version":[{"id":1778,"href":"https:\/\/bloc.xarxa-omnia.org\/laseu\/wp-json\/wp\/v2\/posts\/1774\/revisions\/1778"}],"wp:attachment":[{"href":"https:\/\/bloc.xarxa-omnia.org\/laseu\/wp-json\/wp\/v2\/media?parent=1774"}],"wp:term":[{"taxonomy":"category","embeddable":true,"href":"https:\/\/bloc.xarxa-omnia.org\/laseu\/wp-json\/wp\/v2\/categories?post=1774"},{"taxonomy":"post_tag","embeddable":true,"href":"https:\/\/bloc.xarxa-omnia.org\/laseu\/wp-json\/wp\/v2\/tags?post=1774"}],"curies":[{"name":"wp","href":"https:\/\/api.w.org\/{rel}","templated":true}]}}