{"id":1826,"date":"2019-01-07T09:06:31","date_gmt":"2019-01-07T08:06:31","guid":{"rendered":"http:\/\/xarxaomnia.gencat.cat\/blocs\/laseu\/?p=1826"},"modified":"2019-03-01T12:24:57","modified_gmt":"2019-03-01T11:24:57","slug":"tallers-hivern-2019","status":"publish","type":"post","link":"https:\/\/bloc.xarxa-omnia.org\/laseu\/2019\/01\/07\/tallers-hivern-2019\/","title":{"rendered":"Tallers Hivern 2019"},"content":{"rendered":"<p>I despr\u00e9s del Nadal arriben els nous prop\u00f2sits pel nou any.<\/p>\n<p>Aquest 2019, com a prop\u00f2sit, perqu\u00e8 no plantejar-se fer un taller amb compet\u00e8ncies digitals?<\/p>\n<p>Nosaltres t\u2019ajudem amb la nova programaci\u00f3.<\/p>\n<p>Programaci\u00f3 hivern 2019:<\/p>\n<p>Economia Casolana-Fulls de c\u00e0lcul- Els dilluns de 16 a 17 h.<br \/>\nEn un n\u00favol-Aprofita aquest sistema d&#8217;emmagatzematge i sincronitzaci\u00f3- Els dilluns de 17 a 18 h.<br \/>\nMou-te pel m\u00f2bil- Apr\u00e8n a utilitzar el teu m\u00f2bil- Els dimarts de 15 a 16.30 h.<br \/>\nGooglePhotos- Utilitza de forma correcta l\u2019App per desar les teves imatges- Els dimecres d\u201911 a 12 h.<br \/>\nCorrespond\u00e8ncia Digital- Gestiona el teu correu electr\u00f2nic- Els dimecres de 016 a 17 h.<br \/>\nEstimulaci\u00f3 Cognitiva- Estimula la teva ment- els divendres de 10 a 11.30 h.<\/p>\n<p>Les inscripcions, com sempre:<\/p>\n<p>Inscripcions en l\u00ednia 14 i 15 de gener del 2019, a partir de les 9 del mat\u00ed a trav\u00e9s de la web www.laseu.cat\/tramits-i-serveis\/incsripcions.<br \/>\nInscripcions presencials 16 i 17 de gener del 2019, a partir de les 9 del mat\u00ed a l\u2019Oac (Oficina d\u2019Atenci\u00f3 al Ciutad\u00e0) Ajuntament de La Seu d\u2019Urgell.<\/p>\n<ul>\n<li><a href=\"http:\/\/xarxaomnia.gencat.cat\/blocs\/laseu\/files\/2019\/01\/21-11-2018-MARINO-Cartell-Gener-Abril.jpg\" rel=\"attachment wp-att-1827\"><img loading=\"lazy\" decoding=\"async\" class=\"alignnone size-medium wp-image-1827\" src=\"http:\/\/xarxaomnia.gencat.cat\/blocs\/laseu\/files\/2019\/01\/21-11-2018-MARINO-Cartell-Gener-Abril-212x300.jpg\" alt=\"21-11-2018-MARINO-Cartell Gener-Abril\" width=\"212\" height=\"300\" srcset=\"https:\/\/bloc.xarxa-omnia.org\/laseu\/files\/2019\/01\/21-11-2018-MARINO-Cartell-Gener-Abril-212x300.jpg 212w, https:\/\/bloc.xarxa-omnia.org\/laseu\/files\/2019\/01\/21-11-2018-MARINO-Cartell-Gener-Abril-768x1086.jpg 768w, https:\/\/bloc.xarxa-omnia.org\/laseu\/files\/2019\/01\/21-11-2018-MARINO-Cartell-Gener-Abril-724x1024.jpg 724w, https:\/\/bloc.xarxa-omnia.org\/laseu\/files\/2019\/01\/21-11-2018-MARINO-Cartell-Gener-Abril.jpg 1169w\" sizes=\"auto, (max-width: 212px) 100vw, 212px\" \/><\/a><\/li>\n<\/ul>\n<p>#tallersnous #competenciesdigitals #Punt\u00d2mniaSeu #Xarxa\u00d2mnia #laseu #tic #aprenem<\/p>\n","protected":false},"excerpt":{"rendered":"<p>I despr\u00e9s del Nadal arriben els nous prop\u00f2sits pel nou any. Aquest 2019, com a prop\u00f2sit, perqu\u00e8 no plantejar-se fer un taller amb compet\u00e8ncies digitals? Nosaltres t\u2019ajudem amb la nova programaci\u00f3. Programaci\u00f3 hivern 2019: Economia Casolana-Fulls de c\u00e0lcul- Els dilluns de 16 a 17 h. En un n\u00favol-Aprofita aquest sistema d&#8217;emmagatzematge i sincronitzaci\u00f3- Els dilluns [&hellip;]<\/p>\n","protected":false},"author":92,"featured_media":0,"comment_status":"open","ping_status":"open","sticky":false,"template":"","format":"standard","meta":{"ngg_post_thumbnail":0,"footnotes":""},"categories":[1],"tags":[],"class_list":["post-1826","post","type-post","status-publish","format-standard","hentry","category-general"],"_links":{"self":[{"href":"https:\/\/bloc.xarxa-omnia.org\/laseu\/wp-json\/wp\/v2\/posts\/1826","targetHints":{"allow":["GET"]}}],"collection":[{"href":"https:\/\/bloc.xarxa-omnia.org\/laseu\/wp-json\/wp\/v2\/posts"}],"about":[{"href":"https:\/\/bloc.xarxa-omnia.org\/laseu\/wp-json\/wp\/v2\/types\/post"}],"author":[{"embeddable":true,"href":"https:\/\/bloc.xarxa-omnia.org\/laseu\/wp-json\/wp\/v2\/users\/92"}],"replies":[{"embeddable":true,"href":"https:\/\/bloc.xarxa-omnia.org\/laseu\/wp-json\/wp\/v2\/comments?post=1826"}],"version-history":[{"count":5,"href":"https:\/\/bloc.xarxa-omnia.org\/laseu\/wp-json\/wp\/v2\/posts\/1826\/revisions"}],"predecessor-version":[{"id":1852,"href":"https:\/\/bloc.xarxa-omnia.org\/laseu\/wp-json\/wp\/v2\/posts\/1826\/revisions\/1852"}],"wp:attachment":[{"href":"https:\/\/bloc.xarxa-omnia.org\/laseu\/wp-json\/wp\/v2\/media?parent=1826"}],"wp:term":[{"taxonomy":"category","embeddable":true,"href":"https:\/\/bloc.xarxa-omnia.org\/laseu\/wp-json\/wp\/v2\/categories?post=1826"},{"taxonomy":"post_tag","embeddable":true,"href":"https:\/\/bloc.xarxa-omnia.org\/laseu\/wp-json\/wp\/v2\/tags?post=1826"}],"curies":[{"name":"wp","href":"https:\/\/api.w.org\/{rel}","templated":true}]}}