{"id":1837,"date":"2019-02-19T08:49:44","date_gmt":"2019-02-19T07:49:44","guid":{"rendered":"http:\/\/xarxaomnia.gencat.cat\/blocs\/laseu\/?p=1837"},"modified":"2019-03-01T11:41:58","modified_gmt":"2019-03-01T10:41:58","slug":"primers-passos-per-a-la-gent-gran","status":"publish","type":"post","link":"https:\/\/bloc.xarxa-omnia.org\/laseu\/2019\/02\/19\/primers-passos-per-a-la-gent-gran\/","title":{"rendered":"Primers passos per a la Gent Gran"},"content":{"rendered":"<p>Dilluns 25 de febrer comencem les inscripcions al taller programat per a la Gent Gran sobre com iniciar-se a les Tic.<\/p>\n<p>El taller \u00e9s realitzar\u00e0 els dijous d&#8217;11 a 12 i comen\u00e7a el 7 de mar\u00e7.<br \/>\nQu\u00e8 sabrem fer&#8230;?<br \/>\n*Identificar els fonaments de la tecnologia digital i les seves aplicacions<br \/>\n*Con\u00e8ixer les parts principals d\u2019un ordinador i el seu funcionament<br \/>\n*Desenvolupar la confian\u00e7a en l\u2019\u00fas de l\u2019ordinador<br \/>\nQu\u00e8 aconseguirem&#8230;?<br \/>\n*Comprendre la import\u00e0ncia de fer servir l\u2019ordinador i les Tic.<br \/>\n*Dominar l\u2019\u00fas del ratol\u00ed i el teclat<br \/>\n*Identificar les icones que apareixen a la pantalla i saber-ne el nom i la seva utilitat<br \/>\n*Adquirir seguretat i confian\u00e7a per servir les Tic i participar de manera m\u00e9s activa dins de la nostra societat.<br \/>\n<a href=\"http:\/\/xarxaomnia.gencat.cat\/blocs\/laseu\/files\/2019\/02\/Cartell-corregido.jpg\" rel=\"attachment wp-att-1838\"><img loading=\"lazy\" decoding=\"async\" class=\"alignnone size-medium wp-image-1838\" src=\"http:\/\/xarxaomnia.gencat.cat\/blocs\/laseu\/files\/2019\/02\/Cartell-corregido-212x300.jpg\" alt=\"Cartell corregido\" width=\"212\" height=\"300\" srcset=\"https:\/\/bloc.xarxa-omnia.org\/laseu\/files\/2019\/02\/Cartell-corregido-212x300.jpg 212w, https:\/\/bloc.xarxa-omnia.org\/laseu\/files\/2019\/02\/Cartell-corregido-768x1086.jpg 768w, https:\/\/bloc.xarxa-omnia.org\/laseu\/files\/2019\/02\/Cartell-corregido-724x1024.jpg 724w, https:\/\/bloc.xarxa-omnia.org\/laseu\/files\/2019\/02\/Cartell-corregido.jpg 1169w\" sizes=\"auto, (max-width: 212px) 100vw, 212px\" \/><\/a><\/p>\n<p>#gentgran #grangent #PuntOmniaSeu #Tic #Xarxa\u00d2mnia #laseu<\/p>\n","protected":false},"excerpt":{"rendered":"<p>Dilluns 25 de febrer comencem les inscripcions al taller programat per a la Gent Gran sobre com iniciar-se a les Tic. El taller \u00e9s realitzar\u00e0 els dijous d&#8217;11 a 12 i comen\u00e7a el 7 de mar\u00e7. Qu\u00e8 sabrem fer&#8230;? *Identificar els fonaments de la tecnologia digital i les seves aplicacions *Con\u00e8ixer les parts principals d\u2019un [&hellip;]<\/p>\n","protected":false},"author":92,"featured_media":0,"comment_status":"open","ping_status":"open","sticky":false,"template":"","format":"standard","meta":{"ngg_post_thumbnail":0,"footnotes":""},"categories":[1],"tags":[],"class_list":["post-1837","post","type-post","status-publish","format-standard","hentry","category-general"],"_links":{"self":[{"href":"https:\/\/bloc.xarxa-omnia.org\/laseu\/wp-json\/wp\/v2\/posts\/1837","targetHints":{"allow":["GET"]}}],"collection":[{"href":"https:\/\/bloc.xarxa-omnia.org\/laseu\/wp-json\/wp\/v2\/posts"}],"about":[{"href":"https:\/\/bloc.xarxa-omnia.org\/laseu\/wp-json\/wp\/v2\/types\/post"}],"author":[{"embeddable":true,"href":"https:\/\/bloc.xarxa-omnia.org\/laseu\/wp-json\/wp\/v2\/users\/92"}],"replies":[{"embeddable":true,"href":"https:\/\/bloc.xarxa-omnia.org\/laseu\/wp-json\/wp\/v2\/comments?post=1837"}],"version-history":[{"count":2,"href":"https:\/\/bloc.xarxa-omnia.org\/laseu\/wp-json\/wp\/v2\/posts\/1837\/revisions"}],"predecessor-version":[{"id":1850,"href":"https:\/\/bloc.xarxa-omnia.org\/laseu\/wp-json\/wp\/v2\/posts\/1837\/revisions\/1850"}],"wp:attachment":[{"href":"https:\/\/bloc.xarxa-omnia.org\/laseu\/wp-json\/wp\/v2\/media?parent=1837"}],"wp:term":[{"taxonomy":"category","embeddable":true,"href":"https:\/\/bloc.xarxa-omnia.org\/laseu\/wp-json\/wp\/v2\/categories?post=1837"},{"taxonomy":"post_tag","embeddable":true,"href":"https:\/\/bloc.xarxa-omnia.org\/laseu\/wp-json\/wp\/v2\/tags?post=1837"}],"curies":[{"name":"wp","href":"https:\/\/api.w.org\/{rel}","templated":true}]}}