{"id":1861,"date":"2019-04-17T11:46:17","date_gmt":"2019-04-17T10:46:17","guid":{"rendered":"http:\/\/xarxaomnia.gencat.cat\/blocs\/laseu\/?p=1861"},"modified":"2019-04-17T11:52:37","modified_gmt":"2019-04-17T10:52:37","slug":"trepitjant-paisos-2","status":"publish","type":"post","link":"https:\/\/bloc.xarxa-omnia.org\/laseu\/2019\/04\/17\/trepitjant-paisos-2\/","title":{"rendered":"Trepitjant Pa\u00efsos"},"content":{"rendered":"<p>Dimecres dia 10 d&#8217;abril vam fer l&#8217;exposici\u00f3 &#8220;Trepitjant Pa\u00efsos&#8221; que els nens\/es del Servei d&#8217;Atenci\u00f3 Di\u00fcrna han estat treballant durant aquest trimestre de gener a abril.<\/p>\n<p>L&#8217;acte va ser un acte obert a totes les persones interessades i a les fam\u00edlies i germans dels creadors i creadores del projecte.<br \/>\nLa presentaci\u00f3 va ser el dimecres 10 d&#8217;abril a les 17:30 a la Sala la Immaculada cedida per l&#8217;Ajuntament de la Seu d&#8217;Urgell.<br \/>\nTant les educadores del servei com jo estem molt contentes del treball fet i valorem l&#8217;activitat com una activitat molt positiva pels\/les infants a m\u00e9s de molt satisfact\u00f2ria, ja que han treballat de forma transversal diferents temes i aspectes socials de cada pa\u00eds i tot treballant a trav\u00e9s de les Tic.<br \/>\nAmb aquesta activitat han estat capa\u00e7os d&#8217;organitzar-se el treball a fer com tamb\u00e9 organitzar-se a l&#8217;hora de fer la presentaci\u00f3 amb p\u00fablic.<br \/>\nUna vegada acaba la presentaci\u00f3 els pares i tutors dels infants van expressar que estaven molt orgullosos de la feina que havien fet els seus fills i filles.<br \/>\nAmb el treball tamb\u00e9 hi ha hagut una part &#8220;art\u00edstica&#8221; i de reciclatge, ja que han hagut de dibuixar, pintar i utilitzar materials per poder crear el seu mapa.<br \/>\nTamb\u00e9 hem treballat la part solid\u00e0ria donant a con\u00e8ixer el mapa Peter&#8217;s, un mapa m\u00e9s just on es pot veure la difer\u00e8ncia entre ell i el mapa convencional conegut com a Mercator. Un mapa on es pot intuir que les pot\u00e8ncies mundials han decidit quines extensions de territori t\u00e9 cada pa\u00eds, fent d&#8217;aquesta manera que l&#8217;hemisferi sud sigui un hemisferi molt m\u00e9s petit i situant l&#8217;equador on volen i no on toca.<br \/>\nTamb\u00e9 vull ressaltar el treball que s&#8217;ha fet envers la perspectiva de g\u00e8nere, dret i deures de les dones i quins pa\u00efsos han fet un desenvolupament amb positiu, cap a les dones.<\/p>\n<p><a href=\"http:\/\/xarxaomnia.gencat.cat\/blocs\/laseu\/files\/2019\/04\/Screenshot_2019-04-17-12-37-08-383_com.jpg\" rel=\"attachment wp-att-1862\"><img loading=\"lazy\" decoding=\"async\" src=\"http:\/\/xarxaomnia.gencat.cat\/blocs\/laseu\/files\/2019\/04\/Screenshot_2019-04-17-12-37-08-383_com-300x289.jpg\" alt=\"Screenshot_2019-04-17-12-37-08-383_com\" width=\"300\" height=\"289\" class=\"alignnone size-medium wp-image-1862\" srcset=\"https:\/\/bloc.xarxa-omnia.org\/laseu\/files\/2019\/04\/Screenshot_2019-04-17-12-37-08-383_com-300x289.jpg 300w, https:\/\/bloc.xarxa-omnia.org\/laseu\/files\/2019\/04\/Screenshot_2019-04-17-12-37-08-383_com-768x740.jpg 768w, https:\/\/bloc.xarxa-omnia.org\/laseu\/files\/2019\/04\/Screenshot_2019-04-17-12-37-08-383_com-1024x987.jpg 1024w, https:\/\/bloc.xarxa-omnia.org\/laseu\/files\/2019\/04\/Screenshot_2019-04-17-12-37-08-383_com.jpg 1080w\" sizes=\"auto, (max-width: 300px) 100vw, 300px\" \/><\/a><br \/>\n<a href=\"http:\/\/xarxaomnia.gencat.cat\/blocs\/laseu\/files\/2019\/04\/collage.jpg\" rel=\"attachment wp-att-1863\"><img loading=\"lazy\" decoding=\"async\" src=\"http:\/\/xarxaomnia.gencat.cat\/blocs\/laseu\/files\/2019\/04\/collage-300x201.jpg\" alt=\"collage\" width=\"300\" height=\"201\" class=\"alignnone size-medium wp-image-1863\" srcset=\"https:\/\/bloc.xarxa-omnia.org\/laseu\/files\/2019\/04\/collage-300x201.jpg 300w, https:\/\/bloc.xarxa-omnia.org\/laseu\/files\/2019\/04\/collage-768x515.jpg 768w, https:\/\/bloc.xarxa-omnia.org\/laseu\/files\/2019\/04\/collage-1024x686.jpg 1024w, https:\/\/bloc.xarxa-omnia.org\/laseu\/files\/2019\/04\/collage.jpg 1200w\" sizes=\"auto, (max-width: 300px) 100vw, 300px\" \/><\/a><\/p>\n","protected":false},"excerpt":{"rendered":"<p>Dimecres dia 10 d&#8217;abril vam fer l&#8217;exposici\u00f3 &#8220;Trepitjant Pa\u00efsos&#8221; que els nens\/es del Servei d&#8217;Atenci\u00f3 Di\u00fcrna han estat treballant durant aquest trimestre de gener a abril. L&#8217;acte va ser un acte obert a totes les persones interessades i a les fam\u00edlies i germans dels creadors i creadores del projecte. La presentaci\u00f3 va ser el dimecres [&hellip;]<\/p>\n","protected":false},"author":92,"featured_media":0,"comment_status":"open","ping_status":"open","sticky":false,"template":"","format":"standard","meta":{"ngg_post_thumbnail":0,"footnotes":""},"categories":[1],"tags":[],"class_list":["post-1861","post","type-post","status-publish","format-standard","hentry","category-general"],"_links":{"self":[{"href":"https:\/\/bloc.xarxa-omnia.org\/laseu\/wp-json\/wp\/v2\/posts\/1861","targetHints":{"allow":["GET"]}}],"collection":[{"href":"https:\/\/bloc.xarxa-omnia.org\/laseu\/wp-json\/wp\/v2\/posts"}],"about":[{"href":"https:\/\/bloc.xarxa-omnia.org\/laseu\/wp-json\/wp\/v2\/types\/post"}],"author":[{"embeddable":true,"href":"https:\/\/bloc.xarxa-omnia.org\/laseu\/wp-json\/wp\/v2\/users\/92"}],"replies":[{"embeddable":true,"href":"https:\/\/bloc.xarxa-omnia.org\/laseu\/wp-json\/wp\/v2\/comments?post=1861"}],"version-history":[{"count":1,"href":"https:\/\/bloc.xarxa-omnia.org\/laseu\/wp-json\/wp\/v2\/posts\/1861\/revisions"}],"predecessor-version":[{"id":1864,"href":"https:\/\/bloc.xarxa-omnia.org\/laseu\/wp-json\/wp\/v2\/posts\/1861\/revisions\/1864"}],"wp:attachment":[{"href":"https:\/\/bloc.xarxa-omnia.org\/laseu\/wp-json\/wp\/v2\/media?parent=1861"}],"wp:term":[{"taxonomy":"category","embeddable":true,"href":"https:\/\/bloc.xarxa-omnia.org\/laseu\/wp-json\/wp\/v2\/categories?post=1861"},{"taxonomy":"post_tag","embeddable":true,"href":"https:\/\/bloc.xarxa-omnia.org\/laseu\/wp-json\/wp\/v2\/tags?post=1861"}],"curies":[{"name":"wp","href":"https:\/\/api.w.org\/{rel}","templated":true}]}}