{"id":1891,"date":"2019-07-24T07:29:25","date_gmt":"2019-07-24T06:29:25","guid":{"rendered":"http:\/\/bloc.xarxa-omnia.org\/laseu\/?p=1891"},"modified":"2019-07-24T07:29:25","modified_gmt":"2019-07-24T06:29:25","slug":"fotografia-digital-per-a-la-gent-gran","status":"publish","type":"post","link":"https:\/\/bloc.xarxa-omnia.org\/laseu\/2019\/07\/24\/fotografia-digital-per-a-la-gent-gran\/","title":{"rendered":"Fotografia digital per a la Gent Gran"},"content":{"rendered":"<p>Aquest estiu volem refrescar-nos amb un taller per a la gent gran sobre fotografia digital.<br \/>\nSer\u00e0 un taller molt pr\u00e0ctic on cada dilluns i dimecres durant una hora i mitja, sortirem amb un tema concret per fotografiar, natura, esport, paisatge urb\u00e0, vida quotidiana&#8230;etc, tot perqu\u00e8 els\/les participants puguin treure profit de la seva c\u00e0mera, tauleta o smartphone.<br \/>\nLa idea del taller \u00e9s que siguin capa\u00e7os de con\u00e8ixer i aprendre les t\u00e8cniques b\u00e0siques de la fotografia, m\u00e9s concretament cadasc\u00fa d&#8217;ells i elles amb el dispositiu que portin.<br \/>\nJustament \u00e9s un taller que no ens agrada tancar-lo nom\u00e9s a c\u00e0meres pr\u00f2piament, perqu\u00e8 pensem que deixar-ho obert donem possibilitats a tothom independentment dels dispositius que tinguin.<br \/>\n<a href=\"http:\/\/bloc.xarxa-omnia.org\/laseu\/files\/2019\/07\/Cartell-estiu.jpg\" rel=\"attachment wp-att-1892\"><img loading=\"lazy\" decoding=\"async\" src=\"http:\/\/bloc.xarxa-omnia.org\/laseu\/files\/2019\/07\/Cartell-estiu-212x300.jpg\" alt=\"Cartell estiu\" width=\"212\" height=\"300\" class=\"alignnone size-medium wp-image-1892\" srcset=\"https:\/\/bloc.xarxa-omnia.org\/laseu\/files\/2019\/07\/Cartell-estiu-212x300.jpg 212w, https:\/\/bloc.xarxa-omnia.org\/laseu\/files\/2019\/07\/Cartell-estiu-768x1086.jpg 768w, https:\/\/bloc.xarxa-omnia.org\/laseu\/files\/2019\/07\/Cartell-estiu-724x1024.jpg 724w, https:\/\/bloc.xarxa-omnia.org\/laseu\/files\/2019\/07\/Cartell-estiu.jpg 1169w\" sizes=\"auto, (max-width: 212px) 100vw, 212px\" \/><\/a><\/p>\n","protected":false},"excerpt":{"rendered":"<p>Aquest estiu volem refrescar-nos amb un taller per a la gent gran sobre fotografia digital. Ser\u00e0 un taller molt pr\u00e0ctic on cada dilluns i dimecres durant una hora i mitja, sortirem amb un tema concret per fotografiar, natura, esport, paisatge urb\u00e0, vida quotidiana&#8230;etc, tot perqu\u00e8 els\/les participants puguin treure profit de la seva c\u00e0mera, tauleta [&hellip;]<\/p>\n","protected":false},"author":92,"featured_media":0,"comment_status":"open","ping_status":"open","sticky":false,"template":"","format":"standard","meta":{"ngg_post_thumbnail":0,"footnotes":""},"categories":[1],"tags":[],"class_list":["post-1891","post","type-post","status-publish","format-standard","hentry","category-general"],"_links":{"self":[{"href":"https:\/\/bloc.xarxa-omnia.org\/laseu\/wp-json\/wp\/v2\/posts\/1891","targetHints":{"allow":["GET"]}}],"collection":[{"href":"https:\/\/bloc.xarxa-omnia.org\/laseu\/wp-json\/wp\/v2\/posts"}],"about":[{"href":"https:\/\/bloc.xarxa-omnia.org\/laseu\/wp-json\/wp\/v2\/types\/post"}],"author":[{"embeddable":true,"href":"https:\/\/bloc.xarxa-omnia.org\/laseu\/wp-json\/wp\/v2\/users\/92"}],"replies":[{"embeddable":true,"href":"https:\/\/bloc.xarxa-omnia.org\/laseu\/wp-json\/wp\/v2\/comments?post=1891"}],"version-history":[{"count":1,"href":"https:\/\/bloc.xarxa-omnia.org\/laseu\/wp-json\/wp\/v2\/posts\/1891\/revisions"}],"predecessor-version":[{"id":1893,"href":"https:\/\/bloc.xarxa-omnia.org\/laseu\/wp-json\/wp\/v2\/posts\/1891\/revisions\/1893"}],"wp:attachment":[{"href":"https:\/\/bloc.xarxa-omnia.org\/laseu\/wp-json\/wp\/v2\/media?parent=1891"}],"wp:term":[{"taxonomy":"category","embeddable":true,"href":"https:\/\/bloc.xarxa-omnia.org\/laseu\/wp-json\/wp\/v2\/categories?post=1891"},{"taxonomy":"post_tag","embeddable":true,"href":"https:\/\/bloc.xarxa-omnia.org\/laseu\/wp-json\/wp\/v2\/tags?post=1891"}],"curies":[{"name":"wp","href":"https:\/\/api.w.org\/{rel}","templated":true}]}}