{"id":1899,"date":"2019-09-02T09:24:28","date_gmt":"2019-09-02T08:24:28","guid":{"rendered":"http:\/\/bloc.xarxa-omnia.org\/laseu\/?p=1899"},"modified":"2019-09-02T10:32:20","modified_gmt":"2019-09-02T09:32:20","slug":"tardor-2019","status":"publish","type":"post","link":"https:\/\/bloc.xarxa-omnia.org\/laseu\/2019\/09\/02\/tardor-2019\/","title":{"rendered":"TARDOR 2019"},"content":{"rendered":"<p>La tardor arriba i amb ella els nous tallers amb compet\u00e8ncies digitals al Punt \u00d2mnia de la Seu d&#8217;Urgell<\/p>\n<p>Programaci\u00f3 tardor 2019:<\/p>\n<p>CORRESPOND\u00c8NCIA DIGITAL &#8211; Apr\u00e8n a gestionar el correu electr\u00f2nic (Gmail, Yahoo, Outlook&#8230;). Els dilluns de 10 a 11 h.<\/p>\n<p>INSTAGRAM- Instagramejar? Vols aprendre a fer un \u00fas correcte de l&#8217;App Instagram (les persones inscrites a aquest taller hauran de portar la seva tauleta t\u00e0ctil o el seu tel\u00e8fon intel\u00b7ligent)). Els dilluns d\u201911 a 12 h.<\/p>\n<p>MOU-TE PEL M\u00d2BIL- Apr\u00e8n a fer anar el tel\u00e8fon intel\u00b7ligent (les persones inscrites a aquest taller hauran de portar el seu tel\u00e8fon intel\u00b7ligent). Els dilluns de 16 a 17.30 h.<\/p>\n<p>CALENDARIS- Apr\u00e8n a crear un calendari 2020 personalitzat. Els dimarts de 15:30 a 17 h.<\/p>\n<p>IMPRESS I CANVA- Vols fer les teves presentacions i cartells?. Els dimecres d&#8217;11 a 12 h.<\/p>\n<p>N\u00daVOL- Coneix els avantatges d&#8217;aquesta sistema i treu el m\u00e0xim rendiment (DropBox, GoogleDrive, OneDrive&#8230;). Els dijous de 15.30 a 17 h.<\/p>\n<p>ESTIMULACI\u00d3 COGNITIVA VII- Estimula i treballa la ment.. Els divendres de 10 a 11.30 h.<\/p>\n<p>Les inscripcions, com sempre:<\/p>\n<p>-Inscripcions en l\u00ednia 9 i 10 de setembre del 2019, a partir de les 9 del mat\u00ed a trav\u00e9s de la web www.laseu.cat\/tramits-i-serveis\/incsripcions.<\/p>\n<p>-Inscripcions presencials 12 i 13 de setembre del 2019, a partir de les 9 del mat\u00ed a l\u2019Oac (Oficina d\u2019Atenci\u00f3 al Ciutad\u00e0) Ajuntament de La Seu d\u2019Urgell.<\/p>\n<p><a href=\"http:\/\/bloc.xarxa-omnia.org\/laseu\/files\/2019\/09\/Cartell.jpg\" rel=\"attachment wp-att-1900\"><img loading=\"lazy\" decoding=\"async\" src=\"http:\/\/bloc.xarxa-omnia.org\/laseu\/files\/2019\/09\/Cartell-212x300.jpg\" alt=\"Cartell\" width=\"212\" height=\"300\" class=\"alignnone size-medium wp-image-1900\" srcset=\"https:\/\/bloc.xarxa-omnia.org\/laseu\/files\/2019\/09\/Cartell-212x300.jpg 212w, https:\/\/bloc.xarxa-omnia.org\/laseu\/files\/2019\/09\/Cartell-768x1086.jpg 768w, https:\/\/bloc.xarxa-omnia.org\/laseu\/files\/2019\/09\/Cartell-724x1024.jpg 724w, https:\/\/bloc.xarxa-omnia.org\/laseu\/files\/2019\/09\/Cartell.jpg 1169w\" sizes=\"auto, (max-width: 212px) 100vw, 212px\" \/><\/a><\/p>\n","protected":false},"excerpt":{"rendered":"<p>La tardor arriba i amb ella els nous tallers amb compet\u00e8ncies digitals al Punt \u00d2mnia de la Seu d&#8217;Urgell Programaci\u00f3 tardor 2019: CORRESPOND\u00c8NCIA DIGITAL &#8211; Apr\u00e8n a gestionar el correu electr\u00f2nic (Gmail, Yahoo, Outlook&#8230;). Els dilluns de 10 a 11 h. INSTAGRAM- Instagramejar? Vols aprendre a fer un \u00fas correcte de l&#8217;App Instagram (les persones [&hellip;]<\/p>\n","protected":false},"author":92,"featured_media":0,"comment_status":"open","ping_status":"open","sticky":false,"template":"","format":"standard","meta":{"ngg_post_thumbnail":0,"footnotes":""},"categories":[1],"tags":[],"class_list":["post-1899","post","type-post","status-publish","format-standard","hentry","category-general"],"_links":{"self":[{"href":"https:\/\/bloc.xarxa-omnia.org\/laseu\/wp-json\/wp\/v2\/posts\/1899","targetHints":{"allow":["GET"]}}],"collection":[{"href":"https:\/\/bloc.xarxa-omnia.org\/laseu\/wp-json\/wp\/v2\/posts"}],"about":[{"href":"https:\/\/bloc.xarxa-omnia.org\/laseu\/wp-json\/wp\/v2\/types\/post"}],"author":[{"embeddable":true,"href":"https:\/\/bloc.xarxa-omnia.org\/laseu\/wp-json\/wp\/v2\/users\/92"}],"replies":[{"embeddable":true,"href":"https:\/\/bloc.xarxa-omnia.org\/laseu\/wp-json\/wp\/v2\/comments?post=1899"}],"version-history":[{"count":5,"href":"https:\/\/bloc.xarxa-omnia.org\/laseu\/wp-json\/wp\/v2\/posts\/1899\/revisions"}],"predecessor-version":[{"id":1905,"href":"https:\/\/bloc.xarxa-omnia.org\/laseu\/wp-json\/wp\/v2\/posts\/1899\/revisions\/1905"}],"wp:attachment":[{"href":"https:\/\/bloc.xarxa-omnia.org\/laseu\/wp-json\/wp\/v2\/media?parent=1899"}],"wp:term":[{"taxonomy":"category","embeddable":true,"href":"https:\/\/bloc.xarxa-omnia.org\/laseu\/wp-json\/wp\/v2\/categories?post=1899"},{"taxonomy":"post_tag","embeddable":true,"href":"https:\/\/bloc.xarxa-omnia.org\/laseu\/wp-json\/wp\/v2\/tags?post=1899"}],"curies":[{"name":"wp","href":"https:\/\/api.w.org\/{rel}","templated":true}]}}