{"id":1910,"date":"2019-10-01T07:17:17","date_gmt":"2019-10-01T06:17:17","guid":{"rendered":"http:\/\/bloc.xarxa-omnia.org\/laseu\/?p=1910"},"modified":"2019-10-01T07:38:49","modified_gmt":"2019-10-01T06:38:49","slug":"trobada-punttic-a-la-seu","status":"publish","type":"post","link":"https:\/\/bloc.xarxa-omnia.org\/laseu\/2019\/10\/01\/trobada-punttic-a-la-seu\/","title":{"rendered":"Trobada PuntTic a La Seu"},"content":{"rendered":"<p>Dijous 19 de setembre, aqu\u00ed, al nostre espai, vam realitzar la trobada territorial dels Punts Tic.<br \/>\nVa ser una trobada on vaig poder con\u00e8ixer als companys\/es de la resta de @punttic del territori Pirineu, a m\u00e9s de con\u00e8ixer recursos i programes d&#8217;on treure i exprimir informaci\u00f3.<br \/>\nGr\u00e0cies per venir!!<br \/>\nClica el v\u00eddeo per visualitzar-lo<\/p>\n<p><iframe loading=\"lazy\" title=\"Jornada Territorial a la Seu d&#039;Urgell\" width=\"625\" height=\"352\" src=\"https:\/\/www.youtube.com\/embed\/J-XK_g7LWrU?start=24&#038;feature=oembed\" frameborder=\"0\" allow=\"accelerometer; autoplay; clipboard-write; encrypted-media; gyroscope; picture-in-picture; web-share\" referrerpolicy=\"strict-origin-when-cross-origin\" allowfullscreen><\/iframe><\/p>\n","protected":false},"excerpt":{"rendered":"<p>Dijous 19 de setembre, aqu\u00ed, al nostre espai, vam realitzar la trobada territorial dels Punts Tic. Va ser una trobada on vaig poder con\u00e8ixer als companys\/es de la resta de @punttic del territori Pirineu, a m\u00e9s de con\u00e8ixer recursos i programes d&#8217;on treure i exprimir informaci\u00f3. Gr\u00e0cies per venir!! Clica el v\u00eddeo per visualitzar-lo<\/p>\n","protected":false},"author":92,"featured_media":0,"comment_status":"open","ping_status":"open","sticky":false,"template":"","format":"standard","meta":{"ngg_post_thumbnail":0,"footnotes":""},"categories":[1],"tags":[],"class_list":["post-1910","post","type-post","status-publish","format-standard","hentry","category-general"],"_links":{"self":[{"href":"https:\/\/bloc.xarxa-omnia.org\/laseu\/wp-json\/wp\/v2\/posts\/1910","targetHints":{"allow":["GET"]}}],"collection":[{"href":"https:\/\/bloc.xarxa-omnia.org\/laseu\/wp-json\/wp\/v2\/posts"}],"about":[{"href":"https:\/\/bloc.xarxa-omnia.org\/laseu\/wp-json\/wp\/v2\/types\/post"}],"author":[{"embeddable":true,"href":"https:\/\/bloc.xarxa-omnia.org\/laseu\/wp-json\/wp\/v2\/users\/92"}],"replies":[{"embeddable":true,"href":"https:\/\/bloc.xarxa-omnia.org\/laseu\/wp-json\/wp\/v2\/comments?post=1910"}],"version-history":[{"count":8,"href":"https:\/\/bloc.xarxa-omnia.org\/laseu\/wp-json\/wp\/v2\/posts\/1910\/revisions"}],"predecessor-version":[{"id":1921,"href":"https:\/\/bloc.xarxa-omnia.org\/laseu\/wp-json\/wp\/v2\/posts\/1910\/revisions\/1921"}],"wp:attachment":[{"href":"https:\/\/bloc.xarxa-omnia.org\/laseu\/wp-json\/wp\/v2\/media?parent=1910"}],"wp:term":[{"taxonomy":"category","embeddable":true,"href":"https:\/\/bloc.xarxa-omnia.org\/laseu\/wp-json\/wp\/v2\/categories?post=1910"},{"taxonomy":"post_tag","embeddable":true,"href":"https:\/\/bloc.xarxa-omnia.org\/laseu\/wp-json\/wp\/v2\/tags?post=1910"}],"curies":[{"name":"wp","href":"https:\/\/api.w.org\/{rel}","templated":true}]}}