{"id":1942,"date":"2019-12-05T10:58:24","date_gmt":"2019-12-05T09:58:24","guid":{"rendered":"http:\/\/bloc.xarxa-omnia.org\/laseu\/?p=1942"},"modified":"2019-12-05T10:58:24","modified_gmt":"2019-12-05T09:58:24","slug":"3-de-desembre-dia-mundial-de-les-persones-amb-discapacitat","status":"publish","type":"post","link":"https:\/\/bloc.xarxa-omnia.org\/laseu\/2019\/12\/05\/3-de-desembre-dia-mundial-de-les-persones-amb-discapacitat\/","title":{"rendered":"3 DE DESEMBRE, DIA MUNDIAL DE LES PERSONES AMB DISCAPACITAT"},"content":{"rendered":"<p>Aquest dimarts i conjuntament amb els participants del taller Claror, hem treballat el Dia Mundial de les Persones amb Discapacitat.<br \/>\nHa estat un taller on hem treballat tots molt on han sorgit definicions, idees, di\u00e0leg, participant tots d&#8217;una manera positiva i activa.<br \/>\nHem dividit el grup en tres grups m\u00e9s petits, simplement per treballar de forma m\u00e9s c\u00f2moda i treure m\u00e9s profit.<br \/>\nGrup 1-Responsables de fer recerca de paraules clau com discapacitat i inclusi\u00f3, i mirar de fer les nostres definicions. Afegir el contingut al bloc.<br \/>\nGrup 2-Debatre sobre frases com:<br \/>\n-Perqu\u00e8 mai es compta amb mi<br \/>\n-Mai se&#8217;m pregunta que m&#8217;agrada o que no m&#8217;agrada o qu\u00e8 em ve de gust<br \/>\n-Perqu\u00e8 no em deixen escollir&#8230;.<br \/>\nI saber quin sentiment ens provoquen, que pensem, com podr\u00edem expressar-nos i reivindicar els nostres drets, sentiments&#8230;.<br \/>\nGrup 3-fabricar amb cart\u00f3, bocates per escriure els hashtags de la diada.<br \/>\nDurant dues hores no hem parat ni una mica per mirar de poder penjar tot el treball al bloc del taller, i a les xarxes per fer-nos m\u00e9s visibles amb un dia tan especial.<\/p>\n<p>#clarortaller #discapacitat #capa\u00e7osde #3dedesembre #diamundialdelespersonesambdiscapacitat #puntomniaseu #treballambunanota10<br \/>\n<a href=\"http:\/\/bloc.xarxa-omnia.org\/laseu\/files\/2019\/12\/BeFunky-collage-1.jpg\" rel=\"attachment wp-att-1943\"><img loading=\"lazy\" decoding=\"async\" src=\"http:\/\/bloc.xarxa-omnia.org\/laseu\/files\/2019\/12\/BeFunky-collage-1-300x300.jpg\" alt=\"BeFunky-collage-1\" width=\"300\" height=\"300\" class=\"alignnone size-medium wp-image-1943\" srcset=\"https:\/\/bloc.xarxa-omnia.org\/laseu\/files\/2019\/12\/BeFunky-collage-1-300x300.jpg 300w, https:\/\/bloc.xarxa-omnia.org\/laseu\/files\/2019\/12\/BeFunky-collage-1-150x150.jpg 150w, https:\/\/bloc.xarxa-omnia.org\/laseu\/files\/2019\/12\/BeFunky-collage-1-768x768.jpg 768w, https:\/\/bloc.xarxa-omnia.org\/laseu\/files\/2019\/12\/BeFunky-collage-1-1024x1024.jpg 1024w\" sizes=\"auto, (max-width: 300px) 100vw, 300px\" \/><\/a><\/p>\n","protected":false},"excerpt":{"rendered":"<p>Aquest dimarts i conjuntament amb els participants del taller Claror, hem treballat el Dia Mundial de les Persones amb Discapacitat. Ha estat un taller on hem treballat tots molt on han sorgit definicions, idees, di\u00e0leg, participant tots d&#8217;una manera positiva i activa. Hem dividit el grup en tres grups m\u00e9s petits, simplement per treballar de [&hellip;]<\/p>\n","protected":false},"author":92,"featured_media":0,"comment_status":"open","ping_status":"open","sticky":false,"template":"","format":"standard","meta":{"ngg_post_thumbnail":0,"footnotes":""},"categories":[1],"tags":[],"class_list":["post-1942","post","type-post","status-publish","format-standard","hentry","category-general"],"_links":{"self":[{"href":"https:\/\/bloc.xarxa-omnia.org\/laseu\/wp-json\/wp\/v2\/posts\/1942","targetHints":{"allow":["GET"]}}],"collection":[{"href":"https:\/\/bloc.xarxa-omnia.org\/laseu\/wp-json\/wp\/v2\/posts"}],"about":[{"href":"https:\/\/bloc.xarxa-omnia.org\/laseu\/wp-json\/wp\/v2\/types\/post"}],"author":[{"embeddable":true,"href":"https:\/\/bloc.xarxa-omnia.org\/laseu\/wp-json\/wp\/v2\/users\/92"}],"replies":[{"embeddable":true,"href":"https:\/\/bloc.xarxa-omnia.org\/laseu\/wp-json\/wp\/v2\/comments?post=1942"}],"version-history":[{"count":1,"href":"https:\/\/bloc.xarxa-omnia.org\/laseu\/wp-json\/wp\/v2\/posts\/1942\/revisions"}],"predecessor-version":[{"id":1944,"href":"https:\/\/bloc.xarxa-omnia.org\/laseu\/wp-json\/wp\/v2\/posts\/1942\/revisions\/1944"}],"wp:attachment":[{"href":"https:\/\/bloc.xarxa-omnia.org\/laseu\/wp-json\/wp\/v2\/media?parent=1942"}],"wp:term":[{"taxonomy":"category","embeddable":true,"href":"https:\/\/bloc.xarxa-omnia.org\/laseu\/wp-json\/wp\/v2\/categories?post=1942"},{"taxonomy":"post_tag","embeddable":true,"href":"https:\/\/bloc.xarxa-omnia.org\/laseu\/wp-json\/wp\/v2\/tags?post=1942"}],"curies":[{"name":"wp","href":"https:\/\/api.w.org\/{rel}","templated":true}]}}