{"id":2186,"date":"2020-05-29T12:56:20","date_gmt":"2020-05-29T11:56:20","guid":{"rendered":"http:\/\/bloc.xarxa-omnia.org\/laseu\/?p=2186"},"modified":"2020-05-29T12:56:23","modified_gmt":"2020-05-29T11:56:23","slug":"el-punt-omnia-de-la-seu-durgell-reobre","status":"publish","type":"post","link":"https:\/\/bloc.xarxa-omnia.org\/laseu\/2020\/05\/29\/el-punt-omnia-de-la-seu-durgell-reobre\/","title":{"rendered":"El Punt \u00d2mnia de la Seu d\u2019Urgell reobre"},"content":{"rendered":"\n<p>El Punt \u00d2mnia de la Seu d\u2019Urgell, ubicat al centre c\u00edvic l\u2019Escorxador de la Seu d\u2019Urgell, reobr<strong>e a partir del dimarts 26 de maig<\/strong>, amb totes les mesures de seguretat. Aquest equipament oferir\u00e0 un circuit intern per evitar encreuaments entre usuaris, aix\u00ed com posar a disposici\u00f3 gel hidroalcoh\u00f2lic a les persones que entrin.\u00a0<\/p>\n\n\n\n<p>Coincidint amb l\u2019inici&nbsp; de la Fase 2 de desescalada, el Punt \u00d2mnia donar\u00e0 suport i assessorament a les persones que ho necessitin, aix\u00ed com tallers de manera virtual, fins a nou av\u00eds.<\/p>\n\n\n\n<p>En cas d\u2019alguna necessitat de tipus presencial caldr\u00e0 trucar al <strong>tel\u00e8fon 973 350 010<\/strong>, extensi\u00f3 <strong>8017<\/strong> o enviar un correu electr\u00f2nic a <a href=\"mailto:laseu@xarxaomnia.gencat.cat\">laseu@xarxaomnia.gencat.cat<\/a> per demanar <strong>cita pr\u00e8via.<\/strong><\/p>\n\n\n\n<p>L\u2019horari d\u2019obertura al p\u00fablic ser\u00e0 <strong>de deu del mat\u00ed a una del migdia<\/strong> <strong>sempre sota cita pr\u00e8via<\/strong>. Les tardes aquest equipament restar\u00e0 tancat.<\/p>\n\n\n\n<p>Per accedir al Punt \u00d2mnia cal que <strong>portar obligat\u00f2riament mascareta<\/strong>. En cas contrari, no es podr\u00e0 accedir a aquest equipament.<\/p>\n\n\n\n<p><strong>Activitat telem\u00e0tica<\/strong><\/p>\n\n\n\n<p>Val a dir que els tallers telem\u00e0tics que s\u2019estan portant a terme aquests dies es continuaran impartint de manera telem\u00e0tica fins a final de curs. D\u2019altra banda, remarcar que no tindr\u00e0 lloc cap taller de manera presencial.<\/p>\n\n\n\n<p>Davant l\u2019actual situaci\u00f3 de crisi sanitari, enguany el Punt \u00d2mnia no podr\u00e0 organitzar la festa de fi de curs, per\u00f2 les persones que hagin seguit els tallers rebran igualment el seu certificat d\u2019aprofitament via correu electr\u00f2nic. Els i les participants que no tinguin email se\u2019ls trucar\u00e0 per tel\u00e8fon per dir-los com han d\u2019anar a recollir-lo.<\/p>\n\n\n\n<p>Cal remarcar que el Punt \u00d2mnia de la Seu d\u2019Urgell seguir\u00e0 informant de les novetats i canvis que es vagin produint a trav\u00e9s de notes de premsa, xarxes socials i correu electr\u00f2nic.<\/p>\n\n\n\n<p>Nota de premsa feta per Montse Rovira- Cap de premsa i protocol de l&#8217;Ajuntament de la seu d&#8217;Urgell<\/p>\n\n\n\n<figure class=\"wp-block-image size-large\"><img loading=\"lazy\" decoding=\"async\" width=\"993\" height=\"1024\" src=\"http:\/\/bloc.xarxa-omnia.org\/laseu\/files\/2020\/05\/Horaripuntomnia-993x1024.jpg\" alt=\"\" class=\"wp-image-2187\" srcset=\"https:\/\/bloc.xarxa-omnia.org\/laseu\/files\/2020\/05\/Horaripuntomnia-993x1024.jpg 993w, https:\/\/bloc.xarxa-omnia.org\/laseu\/files\/2020\/05\/Horaripuntomnia-291x300.jpg 291w, https:\/\/bloc.xarxa-omnia.org\/laseu\/files\/2020\/05\/Horaripuntomnia-768x792.jpg 768w, https:\/\/bloc.xarxa-omnia.org\/laseu\/files\/2020\/05\/Horaripuntomnia-1490x1536.jpg 1490w, https:\/\/bloc.xarxa-omnia.org\/laseu\/files\/2020\/05\/Horaripuntomnia-1986x2048.jpg 1986w, https:\/\/bloc.xarxa-omnia.org\/laseu\/files\/2020\/05\/Horaripuntomnia-624x643.jpg 624w\" sizes=\"auto, (max-width: 993px) 100vw, 993px\" \/><\/figure>\n","protected":false},"excerpt":{"rendered":"<p>El Punt \u00d2mnia de la Seu d\u2019Urgell, ubicat al centre c\u00edvic l\u2019Escorxador de la Seu d\u2019Urgell, reobre a partir del dimarts 26 de maig, amb totes les mesures de seguretat. Aquest equipament oferir\u00e0 un circuit intern per evitar encreuaments entre usuaris, aix\u00ed com posar a disposici\u00f3 gel hidroalcoh\u00f2lic a les persones que entrin.\u00a0 Coincidint amb [&hellip;]<\/p>\n","protected":false},"author":92,"featured_media":0,"comment_status":"open","ping_status":"open","sticky":false,"template":"","format":"standard","meta":{"ngg_post_thumbnail":0,"footnotes":""},"categories":[1],"tags":[],"class_list":["post-2186","post","type-post","status-publish","format-standard","hentry","category-general"],"_links":{"self":[{"href":"https:\/\/bloc.xarxa-omnia.org\/laseu\/wp-json\/wp\/v2\/posts\/2186","targetHints":{"allow":["GET"]}}],"collection":[{"href":"https:\/\/bloc.xarxa-omnia.org\/laseu\/wp-json\/wp\/v2\/posts"}],"about":[{"href":"https:\/\/bloc.xarxa-omnia.org\/laseu\/wp-json\/wp\/v2\/types\/post"}],"author":[{"embeddable":true,"href":"https:\/\/bloc.xarxa-omnia.org\/laseu\/wp-json\/wp\/v2\/users\/92"}],"replies":[{"embeddable":true,"href":"https:\/\/bloc.xarxa-omnia.org\/laseu\/wp-json\/wp\/v2\/comments?post=2186"}],"version-history":[{"count":1,"href":"https:\/\/bloc.xarxa-omnia.org\/laseu\/wp-json\/wp\/v2\/posts\/2186\/revisions"}],"predecessor-version":[{"id":2188,"href":"https:\/\/bloc.xarxa-omnia.org\/laseu\/wp-json\/wp\/v2\/posts\/2186\/revisions\/2188"}],"wp:attachment":[{"href":"https:\/\/bloc.xarxa-omnia.org\/laseu\/wp-json\/wp\/v2\/media?parent=2186"}],"wp:term":[{"taxonomy":"category","embeddable":true,"href":"https:\/\/bloc.xarxa-omnia.org\/laseu\/wp-json\/wp\/v2\/categories?post=2186"},{"taxonomy":"post_tag","embeddable":true,"href":"https:\/\/bloc.xarxa-omnia.org\/laseu\/wp-json\/wp\/v2\/tags?post=2186"}],"curies":[{"name":"wp","href":"https:\/\/api.w.org\/{rel}","templated":true}]}}