{"id":2201,"date":"2020-07-28T10:52:39","date_gmt":"2020-07-28T09:52:39","guid":{"rendered":"http:\/\/bloc.xarxa-omnia.org\/laseu\/?p=2201"},"modified":"2020-07-28T10:52:40","modified_gmt":"2020-07-28T09:52:40","slug":"ecoturismeurba-naturalment","status":"publish","type":"post","link":"https:\/\/bloc.xarxa-omnia.org\/laseu\/2020\/07\/28\/ecoturismeurba-naturalment\/","title":{"rendered":"ECOTURISMEURB\u00c0-NATURALMENT"},"content":{"rendered":"<p>Naturalment \u00e9s un recurs tur\u00edstic aportat per la regidoria de medi ambient i turisme de la Seu per con\u00e8ixer racons, entorn i arbres emblem\u00e0tics de la nostra ciutat.<br \/>\nAprofitant aquest recurs vaig pensar que seria una bona idea en aquest any tan peculiar portar a terme un taller per agrupar tres conceptes i continuar donant formaci\u00f3 durant l&#8217;estiu.<br \/>\nHem agrupat amb tres conceptes el projecte:<br \/>\n-Salut- El que farem \u00e9s fer el taller totalment a l&#8217;exterior i recorrent a peu cada dia de taller una part del recorregut.<br \/>\n-Con\u00e8ixer el recurs i el nostre entorn- Con\u00e8ixer espais i racons de la nostra ciutat com tamb\u00e9 els arbres emblem\u00e0tics que tenim i que a trav\u00e9s de qr podem saber-ne una mica m\u00e9s, i tamb\u00e9 sobre pl\u00e0nol.<br \/>\n-Utilitzar les Tic com a medi per con\u00e8ixer aquest recurs tur\u00edstic- Aprendre a fer anar dues app del m\u00f2bil, concretament l&#8217;escaner de Qr i el googlemaps.<\/p>\n<p>Sempre amb totes les mesures de seguretat.<\/p>\n<p>Aquest taller es divideix amb dos blocs, els dimecres de 10 a 11:30 obert a tothom i els dijous el farem amb conjunt amb la regidoria de la gent gran, per tant \u00e9s un taller nom\u00e9s obert a persones a partir de 60 anys i tamb\u00e9 de 10 a 11:30.<\/p>\n<p><a href=\"http:\/\/bloc.xarxa-omnia.org\/laseu\/files\/2020\/07\/cartellecoturismeambelmobil-1.jpg\"><img loading=\"lazy\" decoding=\"async\" class=\"alignnone size-medium wp-image-2202\" src=\"http:\/\/bloc.xarxa-omnia.org\/laseu\/files\/2020\/07\/cartellecoturismeambelmobil-1-212x300.jpg\" alt=\"\" width=\"212\" height=\"300\" srcset=\"https:\/\/bloc.xarxa-omnia.org\/laseu\/files\/2020\/07\/cartellecoturismeambelmobil-1-212x300.jpg 212w, https:\/\/bloc.xarxa-omnia.org\/laseu\/files\/2020\/07\/cartellecoturismeambelmobil-1-724x1024.jpg 724w, https:\/\/bloc.xarxa-omnia.org\/laseu\/files\/2020\/07\/cartellecoturismeambelmobil-1-768x1087.jpg 768w, https:\/\/bloc.xarxa-omnia.org\/laseu\/files\/2020\/07\/cartellecoturismeambelmobil-1-624x883.jpg 624w, https:\/\/bloc.xarxa-omnia.org\/laseu\/files\/2020\/07\/cartellecoturismeambelmobil-1.jpg 826w\" sizes=\"auto, (max-width: 212px) 100vw, 212px\" \/><\/a><\/p>\n","protected":false},"excerpt":{"rendered":"<p>Naturalment \u00e9s un recurs tur\u00edstic aportat per la regidoria de medi ambient i turisme de la Seu per con\u00e8ixer racons, entorn i arbres emblem\u00e0tics de la nostra ciutat. Aprofitant aquest recurs vaig pensar que seria una bona idea en aquest any tan peculiar portar a terme un taller per agrupar tres conceptes i continuar donant [&hellip;]<\/p>\n","protected":false},"author":92,"featured_media":0,"comment_status":"open","ping_status":"open","sticky":false,"template":"","format":"standard","meta":{"ngg_post_thumbnail":0,"footnotes":""},"categories":[1],"tags":[],"class_list":["post-2201","post","type-post","status-publish","format-standard","hentry","category-general"],"_links":{"self":[{"href":"https:\/\/bloc.xarxa-omnia.org\/laseu\/wp-json\/wp\/v2\/posts\/2201","targetHints":{"allow":["GET"]}}],"collection":[{"href":"https:\/\/bloc.xarxa-omnia.org\/laseu\/wp-json\/wp\/v2\/posts"}],"about":[{"href":"https:\/\/bloc.xarxa-omnia.org\/laseu\/wp-json\/wp\/v2\/types\/post"}],"author":[{"embeddable":true,"href":"https:\/\/bloc.xarxa-omnia.org\/laseu\/wp-json\/wp\/v2\/users\/92"}],"replies":[{"embeddable":true,"href":"https:\/\/bloc.xarxa-omnia.org\/laseu\/wp-json\/wp\/v2\/comments?post=2201"}],"version-history":[{"count":1,"href":"https:\/\/bloc.xarxa-omnia.org\/laseu\/wp-json\/wp\/v2\/posts\/2201\/revisions"}],"predecessor-version":[{"id":2209,"href":"https:\/\/bloc.xarxa-omnia.org\/laseu\/wp-json\/wp\/v2\/posts\/2201\/revisions\/2209"}],"wp:attachment":[{"href":"https:\/\/bloc.xarxa-omnia.org\/laseu\/wp-json\/wp\/v2\/media?parent=2201"}],"wp:term":[{"taxonomy":"category","embeddable":true,"href":"https:\/\/bloc.xarxa-omnia.org\/laseu\/wp-json\/wp\/v2\/categories?post=2201"},{"taxonomy":"post_tag","embeddable":true,"href":"https:\/\/bloc.xarxa-omnia.org\/laseu\/wp-json\/wp\/v2\/tags?post=2201"}],"curies":[{"name":"wp","href":"https:\/\/api.w.org\/{rel}","templated":true}]}}