{"id":2216,"date":"2020-08-14T08:49:04","date_gmt":"2020-08-14T07:49:04","guid":{"rendered":"http:\/\/bloc.xarxa-omnia.org\/laseu\/?p=2216"},"modified":"2020-08-14T09:54:58","modified_gmt":"2020-08-14T08:54:58","slug":"el-punt-omnia-de-la-seu-duu-a-terme-el-segon-taller-decoturisme-urba","status":"publish","type":"post","link":"https:\/\/bloc.xarxa-omnia.org\/laseu\/2020\/08\/14\/el-punt-omnia-de-la-seu-duu-a-terme-el-segon-taller-decoturisme-urba\/","title":{"rendered":"El Punt \u00d2mnia de la Seu duu a terme el segon taller d\u2019Ecoturisme Urb\u00e0"},"content":{"rendered":"<p>Not\u00edcia extreta de <a href=\"_wp_link_placeholder\" data-wplink-edit=\"true\">http:\/\/www.radioseu.cat\/noticies\/el-punt-omnia-de-la-seu-duu-a-terme-el-segon-taller-d2019ecoturisme-urba<\/a><br \/>\nL\u2019activitat t\u00e9 com a finalitat donar a con\u00e8ixer la natura urbana mitjan\u00e7ant les TIC.<br \/>\nEl Punt \u00d2mnia de la Seu d&#8217;Urgell ha comen\u00e7at la segona setmana de tallers d\u2019Ecoturisme Urb\u00e0. Aquest dimecres, els assistents han pogut visitar l\u2019exposici\u00f3 \u2018Natura de l\u2019Alt Urgell: patrimoni i recurs\u2019, ubicada a la cinquena planta de l\u2019Espai Ermengol, de la m\u00e0 de Jordi Dalmau, gerent d\u2019Aub\u00e8rria. A m\u00e9s a m\u00e9s, han pogut con\u00e8ixer el cedre del Parc del Cad\u00ed, considerat arbre singular de la ciutat, i la geologia de la Catedral de Santa Maria d\u2019Urgell.<\/p>\n<p>Els tallers organitzats pel Punt \u00d2mnia tenen com a finalitat donar a con\u00e8ixer la natura de la Seu d\u2019Urgell mitjan\u00e7ant les noves tecnologies (TIC). La proposta fa un recorregut pels punts d\u2019inter\u00e8s ecotur\u00edstic recollits en el mapa \u2018La Seu Naturalment\u2019 i ensenya als assistents com accedir a l\u2019explicaci\u00f3 de l\u2019element i les seves caracter\u00edstiques a trav\u00e9s de codis QR.<br \/>\nLa proposta es duu a terme amb totes les mesures de seguretat i prevenci\u00f3 sanit\u00e0ries i per tant l\u2019aforament de cada taller est\u00e0 limitat a deu persones.<br \/>\n<a href=\"http:\/\/bloc.xarxa-omnia.org\/laseu\/files\/2020\/08\/IMG_20200812_101114-scaled.jpg\"><img loading=\"lazy\" decoding=\"async\" class=\"alignnone size-thumbnail wp-image-2217\" src=\"http:\/\/bloc.xarxa-omnia.org\/laseu\/files\/2020\/08\/IMG_20200812_101114-150x150.jpg\" alt=\"\" width=\"150\" height=\"150\"><\/a><a href=\"http:\/\/bloc.xarxa-omnia.org\/laseu\/files\/2020\/08\/IMG_20200812_102826-scaled.jpg\"><img loading=\"lazy\" decoding=\"async\" class=\"alignnone size-thumbnail wp-image-2218\" src=\"http:\/\/bloc.xarxa-omnia.org\/laseu\/files\/2020\/08\/IMG_20200812_102826-150x150.jpg\" alt=\"\" width=\"150\" height=\"150\"><\/a><a href=\"http:\/\/bloc.xarxa-omnia.org\/laseu\/files\/2020\/08\/IMG_20200812_104426-scaled.jpg\"><img loading=\"lazy\" decoding=\"async\" class=\"alignnone size-thumbnail wp-image-2219\" src=\"http:\/\/bloc.xarxa-omnia.org\/laseu\/files\/2020\/08\/IMG_20200812_104426-150x150.jpg\" alt=\"\" width=\"150\" height=\"150\"><\/a><br \/>\nDonar les gr\u00e0cies a @turismeseu @auberria @espaiermengol<\/p>\n","protected":false},"excerpt":{"rendered":"<p>Not\u00edcia extreta de http:\/\/www.radioseu.cat\/noticies\/el-punt-omnia-de-la-seu-duu-a-terme-el-segon-taller-d2019ecoturisme-urba L\u2019activitat t\u00e9 com a finalitat donar a con\u00e8ixer la natura urbana mitjan\u00e7ant les TIC. El Punt \u00d2mnia de la Seu d&#8217;Urgell ha comen\u00e7at la segona setmana de tallers d\u2019Ecoturisme Urb\u00e0. Aquest dimecres, els assistents han pogut visitar l\u2019exposici\u00f3 \u2018Natura de l\u2019Alt Urgell: patrimoni i recurs\u2019, ubicada a la cinquena planta de [&hellip;]<\/p>\n","protected":false},"author":92,"featured_media":0,"comment_status":"open","ping_status":"open","sticky":false,"template":"","format":"standard","meta":{"ngg_post_thumbnail":0,"footnotes":""},"categories":[1],"tags":[],"class_list":["post-2216","post","type-post","status-publish","format-standard","hentry","category-general"],"_links":{"self":[{"href":"https:\/\/bloc.xarxa-omnia.org\/laseu\/wp-json\/wp\/v2\/posts\/2216","targetHints":{"allow":["GET"]}}],"collection":[{"href":"https:\/\/bloc.xarxa-omnia.org\/laseu\/wp-json\/wp\/v2\/posts"}],"about":[{"href":"https:\/\/bloc.xarxa-omnia.org\/laseu\/wp-json\/wp\/v2\/types\/post"}],"author":[{"embeddable":true,"href":"https:\/\/bloc.xarxa-omnia.org\/laseu\/wp-json\/wp\/v2\/users\/92"}],"replies":[{"embeddable":true,"href":"https:\/\/bloc.xarxa-omnia.org\/laseu\/wp-json\/wp\/v2\/comments?post=2216"}],"version-history":[{"count":5,"href":"https:\/\/bloc.xarxa-omnia.org\/laseu\/wp-json\/wp\/v2\/posts\/2216\/revisions"}],"predecessor-version":[{"id":2226,"href":"https:\/\/bloc.xarxa-omnia.org\/laseu\/wp-json\/wp\/v2\/posts\/2216\/revisions\/2226"}],"wp:attachment":[{"href":"https:\/\/bloc.xarxa-omnia.org\/laseu\/wp-json\/wp\/v2\/media?parent=2216"}],"wp:term":[{"taxonomy":"category","embeddable":true,"href":"https:\/\/bloc.xarxa-omnia.org\/laseu\/wp-json\/wp\/v2\/categories?post=2216"},{"taxonomy":"post_tag","embeddable":true,"href":"https:\/\/bloc.xarxa-omnia.org\/laseu\/wp-json\/wp\/v2\/tags?post=2216"}],"curies":[{"name":"wp","href":"https:\/\/api.w.org\/{rel}","templated":true}]}}