{"id":2228,"date":"2020-09-01T06:26:28","date_gmt":"2020-09-01T05:26:28","guid":{"rendered":"http:\/\/bloc.xarxa-omnia.org\/laseu\/?p=2228"},"modified":"2020-09-01T06:26:30","modified_gmt":"2020-09-01T05:26:30","slug":"programacio-tardor-2020","status":"publish","type":"post","link":"https:\/\/bloc.xarxa-omnia.org\/laseu\/2020\/09\/01\/programacio-tardor-2020\/","title":{"rendered":"Programaci\u00f3 Tardor 2020"},"content":{"rendered":"<p>Programaci\u00f3 de tardor 2020<\/p>\n<p>El Punt \u00d2mnia de La Seu d&#8217;Urgell, torna a oferir formacions amb compet\u00e8ncies digitals aquesta tardor. Aquestes formacions s\u00f3n:<\/p>\n<p>-Instagram- Vols aprendre a fer un \u00fas correcte de l&#8217;App Instragram? Els dilluns de 16 a 17<\/p>\n<p>-Creaci\u00f3 de calendaris- Fabrica el teu propi calendari del 2021 personalitzat. Els dilluns de 17 a 18<\/p>\n<p>-Estimulaci\u00f3 cognitiva XI- Estimula i treballa la teva ment. Els dimarts de 15:30 a 17<\/p>\n<p>-Mou-te pel m\u00f2bil- Porta el teu tel\u00e8fon intel\u00b7ligent i apr\u00e8n a fer-lo anar. Els dijous de 15:30 a 17 h.<\/p>\n<p>Aquesta vegada Les inscripcions hauran de ser obligat\u00f2riament via telem\u00e0tica a trav\u00e9s de la web <a href=\"http:\/\/www.laseu.cat\/tramits-i-serveis\/inscripcions\">www.laseu.cat\/tramits-i-serveis\/inscripcions<\/a> a partir de les 9 del mat\u00ed els dies 7 i 8 de setembre.<br \/>\nTotes les persones que NO tinguin ordinador o xarxa, a partir de l&#8217;1 de setembre podeu demanar cita pr\u00e8via i aix\u00ed poder tramitar la vostra inscripci\u00f3. Podeu trucar al 973 353 008 o al 973 350 010 extensi\u00f3 8017.<\/p>\n<p>Aquest nou trimestre tindr\u00e0 una particularitat important, el m\u00e0xim de participants per taller ser\u00e0 de 5 persones. Hem de seguir oferint tallers amb totes les mesures de seguretat, hem de mantenir les dist\u00e0ncies f\u00edsiques i per tant el m\u00e0xim de persones que podrem assumir \u00e9s de 5 participants.<br \/>\nPer aix\u00f2 us demanem que sigueu responsables a l&#8217;hora de fer una inscripci\u00f3.<\/p>\n<p>Tots els tallers comencen la primera setmana d&#8217;octubre i tots els tallers estan pensats per fer-los tant presencialment com telem\u00e0ticament a trav\u00e9s de v\u00eddeos on tothom podr\u00e0 seguir perfectament el temari a treballar.<\/p>\n<p>Agrair per endavant la vostra comprensi\u00f3 i responsabilitat!<\/p>\n<p>Seguim!!<br \/>\n<a href=\"http:\/\/bloc.xarxa-omnia.org\/laseu\/files\/2020\/08\/Cartell.jpg\"><img loading=\"lazy\" decoding=\"async\" class=\"alignnone size-thumbnail wp-image-2229\" src=\"http:\/\/bloc.xarxa-omnia.org\/laseu\/files\/2020\/08\/Cartell-150x150.jpg\" alt=\"\" width=\"150\" height=\"150\"><\/a><\/p>\n","protected":false},"excerpt":{"rendered":"<p>Programaci\u00f3 de tardor 2020 El Punt \u00d2mnia de La Seu d&#8217;Urgell, torna a oferir formacions amb compet\u00e8ncies digitals aquesta tardor. Aquestes formacions s\u00f3n: -Instagram- Vols aprendre a fer un \u00fas correcte de l&#8217;App Instragram? Els dilluns de 16 a 17 -Creaci\u00f3 de calendaris- Fabrica el teu propi calendari del 2021 personalitzat. Els dilluns de 17 [&hellip;]<\/p>\n","protected":false},"author":92,"featured_media":0,"comment_status":"open","ping_status":"open","sticky":false,"template":"","format":"standard","meta":{"ngg_post_thumbnail":0,"footnotes":""},"categories":[1],"tags":[],"class_list":["post-2228","post","type-post","status-publish","format-standard","hentry","category-general"],"_links":{"self":[{"href":"https:\/\/bloc.xarxa-omnia.org\/laseu\/wp-json\/wp\/v2\/posts\/2228","targetHints":{"allow":["GET"]}}],"collection":[{"href":"https:\/\/bloc.xarxa-omnia.org\/laseu\/wp-json\/wp\/v2\/posts"}],"about":[{"href":"https:\/\/bloc.xarxa-omnia.org\/laseu\/wp-json\/wp\/v2\/types\/post"}],"author":[{"embeddable":true,"href":"https:\/\/bloc.xarxa-omnia.org\/laseu\/wp-json\/wp\/v2\/users\/92"}],"replies":[{"embeddable":true,"href":"https:\/\/bloc.xarxa-omnia.org\/laseu\/wp-json\/wp\/v2\/comments?post=2228"}],"version-history":[{"count":3,"href":"https:\/\/bloc.xarxa-omnia.org\/laseu\/wp-json\/wp\/v2\/posts\/2228\/revisions"}],"predecessor-version":[{"id":2232,"href":"https:\/\/bloc.xarxa-omnia.org\/laseu\/wp-json\/wp\/v2\/posts\/2228\/revisions\/2232"}],"wp:attachment":[{"href":"https:\/\/bloc.xarxa-omnia.org\/laseu\/wp-json\/wp\/v2\/media?parent=2228"}],"wp:term":[{"taxonomy":"category","embeddable":true,"href":"https:\/\/bloc.xarxa-omnia.org\/laseu\/wp-json\/wp\/v2\/categories?post=2228"},{"taxonomy":"post_tag","embeddable":true,"href":"https:\/\/bloc.xarxa-omnia.org\/laseu\/wp-json\/wp\/v2\/tags?post=2228"}],"curies":[{"name":"wp","href":"https:\/\/api.w.org\/{rel}","templated":true}]}}