{"id":2287,"date":"2021-03-08T10:52:17","date_gmt":"2021-03-08T09:52:17","guid":{"rendered":"http:\/\/bloc.xarxa-omnia.org\/laseu\/?p=2287"},"modified":"2021-03-08T12:50:33","modified_gmt":"2021-03-08T11:50:33","slug":"omnia8m","status":"publish","type":"post","link":"https:\/\/bloc.xarxa-omnia.org\/laseu\/2021\/03\/08\/omnia8m\/","title":{"rendered":"#\u00d2mnia8M"},"content":{"rendered":"<p>Avui #8M Dia Internacional de la Dona Treballadora.<br \/>\nDes de l&#8217;\u00d2mnia de la Seu d&#8217;Urgell, hem volgut participar de l&#8217;activitat organitzada i promoguda per la Xarxa \u00d2mnia-&#8220;Qu\u00e8 \u00e9s per a tu la Xarxa \u00d2mnia?. La xarxa \u00d2mnia va enviar un llistat de possibles paraules en refer\u00e8ncia a les dones i el seu empoderament. En el nostre cas vaig escollir la paraula EQUITAT.<br \/>\nVaig pensar a treballar aquest tema, justament amb l&#8217;\u00fanic grup que ve a l&#8217;\u00d2mnia de forma presencial i amb el qual tinc dones, era el grup de joves del Sad.<br \/>\nVam explicar el perqu\u00e8 d&#8217;aquest dia, la reivindicaci\u00f3, els drets i els deures, la igualtat i sobretot la paraula en el nostre cas, Equitat.<br \/>\nEn el grup hi ha dos noies, i els hi vaig demanar les seves pors, el que senten com a dona, el que escolten del seu entorn, tamb\u00e9 pel fet de que al grup hi ha dos nois, i crec que si ells escolten per boca de les seves companyes el que senten, crec que arriba de forma m\u00e9s directa i profunda.<br \/>\nLa paraula EQUITAT la confonien amb &#8220;Igualtat&#8221; i despr\u00e9s de donar exemples vam acabar veient una imatge a la xarxa que els hi va ajudar a entendre millor. Ells i elles van acabar dient que &#8221; Davant d&#8217;un problema o d&#8217;una difer\u00e8ncia, EQUITAT \u00e9s trobar solucions justes per a tothom, adaptades a les capacitats de les persones&#8221;<br \/>\nVam estar treballant un bocata de cartr\u00f3 amb els # de la diada i per finalitzar vam fer un petit v\u00eddeo, que seria una petita part d&#8217;un v\u00eddeo participatiu de la Xarxa \u00d2mnia.<br \/>\n\u00c9s important donar eines per\u00f2 tamb\u00e9 \u00e9s important que tots i totes lluitem per una EQUITAT amb tots els nivells.<br \/>\n<iframe loading=\"lazy\" title=\"\u00d2mnia8M\" width=\"625\" height=\"352\" src=\"https:\/\/www.youtube.com\/embed\/nWYVwIYM7oI?feature=oembed\" frameborder=\"0\" allow=\"accelerometer; autoplay; clipboard-write; encrypted-media; gyroscope; picture-in-picture; web-share\" referrerpolicy=\"strict-origin-when-cross-origin\" allowfullscreen><\/iframe><\/p>\n","protected":false},"excerpt":{"rendered":"<p>Avui #8M Dia Internacional de la Dona Treballadora. Des de l&#8217;\u00d2mnia de la Seu d&#8217;Urgell, hem volgut participar de l&#8217;activitat organitzada i promoguda per la Xarxa \u00d2mnia-&#8220;Qu\u00e8 \u00e9s per a tu la Xarxa \u00d2mnia?. La xarxa \u00d2mnia va enviar un llistat de possibles paraules en refer\u00e8ncia a les dones i el seu empoderament. En el [&hellip;]<\/p>\n","protected":false},"author":92,"featured_media":0,"comment_status":"open","ping_status":"open","sticky":false,"template":"","format":"standard","meta":{"ngg_post_thumbnail":0,"footnotes":""},"categories":[1],"tags":[],"class_list":["post-2287","post","type-post","status-publish","format-standard","hentry","category-general"],"_links":{"self":[{"href":"https:\/\/bloc.xarxa-omnia.org\/laseu\/wp-json\/wp\/v2\/posts\/2287","targetHints":{"allow":["GET"]}}],"collection":[{"href":"https:\/\/bloc.xarxa-omnia.org\/laseu\/wp-json\/wp\/v2\/posts"}],"about":[{"href":"https:\/\/bloc.xarxa-omnia.org\/laseu\/wp-json\/wp\/v2\/types\/post"}],"author":[{"embeddable":true,"href":"https:\/\/bloc.xarxa-omnia.org\/laseu\/wp-json\/wp\/v2\/users\/92"}],"replies":[{"embeddable":true,"href":"https:\/\/bloc.xarxa-omnia.org\/laseu\/wp-json\/wp\/v2\/comments?post=2287"}],"version-history":[{"count":1,"href":"https:\/\/bloc.xarxa-omnia.org\/laseu\/wp-json\/wp\/v2\/posts\/2287\/revisions"}],"predecessor-version":[{"id":2288,"href":"https:\/\/bloc.xarxa-omnia.org\/laseu\/wp-json\/wp\/v2\/posts\/2287\/revisions\/2288"}],"wp:attachment":[{"href":"https:\/\/bloc.xarxa-omnia.org\/laseu\/wp-json\/wp\/v2\/media?parent=2287"}],"wp:term":[{"taxonomy":"category","embeddable":true,"href":"https:\/\/bloc.xarxa-omnia.org\/laseu\/wp-json\/wp\/v2\/categories?post=2287"},{"taxonomy":"post_tag","embeddable":true,"href":"https:\/\/bloc.xarxa-omnia.org\/laseu\/wp-json\/wp\/v2\/tags?post=2287"}],"curies":[{"name":"wp","href":"https:\/\/api.w.org\/{rel}","templated":true}]}}