{"id":2290,"date":"2021-04-06T07:55:06","date_gmt":"2021-04-06T06:55:06","guid":{"rendered":"http:\/\/bloc.xarxa-omnia.org\/laseu\/?p=2290"},"modified":"2021-04-06T07:58:50","modified_gmt":"2021-04-06T06:58:50","slug":"programacio-primavera-21","status":"publish","type":"post","link":"https:\/\/bloc.xarxa-omnia.org\/laseu\/2021\/04\/06\/programacio-primavera-21\/","title":{"rendered":"PROGRAMACI\u00d3 PRIMAVERA  2021"},"content":{"rendered":"<p>Arriba el nou trimestre i amb ell la nova programaci\u00f3 amb compet\u00e8ncies digitals al #punt\u00f2mniaseu.<\/p>\n<p>Formacions i tallers per donar resposta a la ciutadania.<br \/>\nHem pensat quatre tallers dos amb l\u00ednia i a trav\u00e9s de amb video-tutorials que ajudaran a seguir la part te\u00f2rica i fer-los m\u00e9s accessibles i dos tallers presencials que es faran a l\u2019exterior.<br \/>\nEls tallers s\u00f3n:<br \/>\n<strong>Tallers amb l\u00ednia<\/strong><br \/>\n\u2022 CANVA\u2013Vols aprendre a fer presentacions, cartells, targetes de visita o publicacions per les teves xarxes socials amb Canva? Els dilluns de 10 a 11:30 h.<\/p>\n<p>\u2022 ESTIMULACI\u00d3 COGNITIVA XI- Estimula i treballa la ment. Els dimarts de 15 a 16:30 h.<\/p>\n<p><strong>Tallers presencials:<\/strong><br \/>\n\u2022 EINES DE GOOGLE \u2013 Porta el teu tel\u00e8fon intel\u00b7ligent (smartphone) i apr\u00e8n a fer anar les apps de Google com el GoogleMaps, Traductor, Duo, Drive&#8230;etc. Les persones inscrites han de portar el seu tel\u00e8fon intel\u00b7ligent.<br \/>\nEls dilluns de 16 a 17.30 h.<\/p>\n<p>\u2022 MOU-TE PEL M\u00d2BIL \u2013 Porta el teu tel\u00e8fon intel\u00b7ligent (smartphone) i apr\u00e8n a fer-lo anar. Les persones inscrites han de portar el seu tel\u00e8fon intel\u00b7ligent.<br \/>\nEls divendres d&#8217;11 a 12:30 h.<\/p>\n<p>Estiguis atent\/a a les dates d&#8217;inscripci\u00f3- 12 i 13 d&#8217;abril a partir de les 9 del mat\u00ed a la web <a href=\"https:\/\/www.laseu.cat\/tramits-i-serveis\/inscripcions\">https:\/\/www.laseu.cat\/tramits-i-serveis\/inscripcions<\/a><\/p>\n<p><a href=\"http:\/\/bloc.xarxa-omnia.org\/laseu\/files\/2021\/04\/Cartell.jpg\"><img loading=\"lazy\" decoding=\"async\" class=\"alignnone size-thumbnail wp-image-2291\" src=\"http:\/\/bloc.xarxa-omnia.org\/laseu\/files\/2021\/04\/Cartell-150x150.jpg\" alt=\"\" width=\"150\" height=\"150\"><\/a><\/p>\n<p>&nbsp;<\/p>\n<p>&nbsp;<\/p>\n","protected":false},"excerpt":{"rendered":"<p>Arriba el nou trimestre i amb ell la nova programaci\u00f3 amb compet\u00e8ncies digitals al #punt\u00f2mniaseu. Formacions i tallers per donar resposta a la ciutadania. Hem pensat quatre tallers dos amb l\u00ednia i a trav\u00e9s de amb video-tutorials que ajudaran a seguir la part te\u00f2rica i fer-los m\u00e9s accessibles i dos tallers presencials que es faran [&hellip;]<\/p>\n","protected":false},"author":92,"featured_media":0,"comment_status":"open","ping_status":"open","sticky":false,"template":"","format":"standard","meta":{"ngg_post_thumbnail":0,"footnotes":""},"categories":[1],"tags":[],"class_list":["post-2290","post","type-post","status-publish","format-standard","hentry","category-general"],"_links":{"self":[{"href":"https:\/\/bloc.xarxa-omnia.org\/laseu\/wp-json\/wp\/v2\/posts\/2290","targetHints":{"allow":["GET"]}}],"collection":[{"href":"https:\/\/bloc.xarxa-omnia.org\/laseu\/wp-json\/wp\/v2\/posts"}],"about":[{"href":"https:\/\/bloc.xarxa-omnia.org\/laseu\/wp-json\/wp\/v2\/types\/post"}],"author":[{"embeddable":true,"href":"https:\/\/bloc.xarxa-omnia.org\/laseu\/wp-json\/wp\/v2\/users\/92"}],"replies":[{"embeddable":true,"href":"https:\/\/bloc.xarxa-omnia.org\/laseu\/wp-json\/wp\/v2\/comments?post=2290"}],"version-history":[{"count":2,"href":"https:\/\/bloc.xarxa-omnia.org\/laseu\/wp-json\/wp\/v2\/posts\/2290\/revisions"}],"predecessor-version":[{"id":2294,"href":"https:\/\/bloc.xarxa-omnia.org\/laseu\/wp-json\/wp\/v2\/posts\/2290\/revisions\/2294"}],"wp:attachment":[{"href":"https:\/\/bloc.xarxa-omnia.org\/laseu\/wp-json\/wp\/v2\/media?parent=2290"}],"wp:term":[{"taxonomy":"category","embeddable":true,"href":"https:\/\/bloc.xarxa-omnia.org\/laseu\/wp-json\/wp\/v2\/categories?post=2290"},{"taxonomy":"post_tag","embeddable":true,"href":"https:\/\/bloc.xarxa-omnia.org\/laseu\/wp-json\/wp\/v2\/tags?post=2290"}],"curies":[{"name":"wp","href":"https:\/\/api.w.org\/{rel}","templated":true}]}}