{"id":2300,"date":"2021-05-04T15:19:01","date_gmt":"2021-05-04T14:19:01","guid":{"rendered":"http:\/\/bloc.xarxa-omnia.org\/laseu\/?p=2300"},"modified":"2021-05-04T15:39:54","modified_gmt":"2021-05-04T14:39:54","slug":"quan-compartir-te-un-valor-afegit","status":"publish","type":"post","link":"https:\/\/bloc.xarxa-omnia.org\/laseu\/2021\/05\/04\/quan-compartir-te-un-valor-afegit\/","title":{"rendered":"Quan compartir t\u00e9 un valor afegit"},"content":{"rendered":"<p>Durant el I trimestre d&#8217;aquest 2021, amb els participants del Taller Claror, hem estat treballant el coneixement de l&#8217;entorn, \u00e9s a dir, con\u00e8ixer una mica m\u00e9s La Seu, racons, carrers i places com tamb\u00e9 s\u00edmbols que passen desapercebuts quan caminem per la nostra ciutat.<br \/>\nUna vegada fet aquest treball vam pensar que vol\u00edem compartir-ho amb companys del centre, per\u00f2 tamb\u00e9 amb persones externes al centre i van pensar amb la creaci\u00f3 d&#8217;un Kahoot, una manera m\u00e9s activa i atractiva d&#8217;aprendre mentre jugues.<br \/>\nI dit i fet, vam pensar amb quines preguntes\/respostes podien fer, vam fer recerca d&#8217;imatges sobre la Seu per donar m\u00e9s qualitat a la feina, vam decidir quins punts don\u00e0vem per pregunta encertada com tamb\u00e9 el temps de resposta per a cada pregunta, etc., treball de formigueta que a poc a poc va agafant forma.<br \/>\nDespr\u00e9s d&#8217;un temps de feina i amb un total de 20 preguntes, el Kahoot amb el t\u00edtol &#8220;La Seu&#8221; fa unes setmanes el vam poder compartir amb dos grups externs al Centre Claror.<br \/>\nPrimer amb l&#8217;Escola Albert Vives, concretament amb els grups de sis\u00e8 dins del projecte que fan amb el Claror d&#8217;aprenentatge i servei, i per una altra banda amb els dos grups de l&#8217;Institut de la Valira que venen a \u00d2mnia dins d&#8217;unes sessions formatives, joves de tercer i quart d&#8217;ESO.<br \/>\nCom el tema de la Covid impedia veure&#8217;ns amb persona vam fer les sessions a trav\u00e9s de connexi\u00f3 amb streaming amb JitsiMeet, un dimarts i un dimecres de fa dues setmanes.<br \/>\nDespr\u00e9s de fer les presentacions pertinents i l&#8217;explicaci\u00f3 de la nostra feina per part de l&#8217;Aurora i del Gabriel, tamb\u00e9 hi va haver un temps per fer-nos preguntes per con\u00e8ixer-nos una mica m\u00e9s, saber que fan a l&#8217;escola i a l&#8217;institut com tamb\u00e9 els participants feien preguntes per saber que fan al Taller Claror, quins treballs fan, on viuen&#8230;, una activitat totalment de relaci\u00f3 encara que a dist\u00e0ncia per\u00f2 de relacionar-nos amb infants i jovent de la Seu.<br \/>\nVam proposar-los fer un challenge, per tant a trav\u00e9s del correu electr\u00f2nic rebrien un enlla\u00e7 que una vegada obert hi haurien de ser capa\u00e7os de v\u00e8ncer a les preguntes. Per\u00f2 per fer-ho una mica m\u00e9s dif\u00edcil aquest challenge tenia una data de caducitat i per tant els participants hav\u00edem de jugar dins de les dates acordades amb els seus professors\/res.<br \/>\nCom a dinamitzadora ha estat una experi\u00e8ncia molt gratificant, la resposta per part de tots els participants i els equips docents ha estat molt positiva i activa.<\/p>\n<p>Tot i que sembla un treball f\u00e0cil i r\u00e0pid i que es pot visualitzar, hi ha una part d&#8217;aquest treball que pot passar desapercebut, per\u00f2 no menys important que \u00e9s justament el que busquem amb l&#8217;equip educatiu <span class=\"hiddenGrammarError\">del Claror<\/span> i jo com a dinamitzadora de l&#8217;activitat. Per nosaltres \u00e9s molt important tot el proc\u00e9s d&#8217;aprenentatge, les habilitats adquirides i tot l&#8217;aprenentatge grupal i individual que arriben a fer, un treball molt important, per\u00f2 que com dic de vegades passa de forma molt subtil i en canvi per nosaltres \u00e9s la part que t\u00e9 m\u00e9s valor.<\/p>\n<p>Que important s\u00f3n les Tic per comunicar-nos, estar a prop, con\u00e8ixer, aprendre i sobretot formar part, sentir-se membre de la comunitat, veure que ets capa\u00e7.<br \/>\n@Clarortaller @IESLaValira @EscolaMoss\u00e8nAlbertVives agrair a l&#8217;equip docent de cada centre la seva participaci\u00f3 activa i positiva.<br \/>\n#punt\u00f2mniaseu #Tic #Xarxa\u00d2mnia #laseu #sempreendavant #ambtempspucferhotot<br \/>\n<a href=\"http:\/\/bloc.xarxa-omnia.org\/laseu\/files\/2021\/05\/Disseny-sense-t\u00edtol.jpg\"><img loading=\"lazy\" decoding=\"async\" class=\"alignnone wp-image-2301 size-large\" src=\"http:\/\/bloc.xarxa-omnia.org\/laseu\/files\/2021\/05\/Disseny-sense-t\u00edtol-1024x724.jpg\" alt=\"\" width=\"625\" height=\"442\" srcset=\"https:\/\/bloc.xarxa-omnia.org\/laseu\/files\/2021\/05\/Disseny-sense-t\u00edtol-1024x724.jpg 1024w, https:\/\/bloc.xarxa-omnia.org\/laseu\/files\/2021\/05\/Disseny-sense-t\u00edtol-300x212.jpg 300w, https:\/\/bloc.xarxa-omnia.org\/laseu\/files\/2021\/05\/Disseny-sense-t\u00edtol-768x543.jpg 768w, https:\/\/bloc.xarxa-omnia.org\/laseu\/files\/2021\/05\/Disseny-sense-t\u00edtol-1536x1086.jpg 1536w, https:\/\/bloc.xarxa-omnia.org\/laseu\/files\/2021\/05\/Disseny-sense-t\u00edtol-2048x1448.jpg 2048w, https:\/\/bloc.xarxa-omnia.org\/laseu\/files\/2021\/05\/Disseny-sense-t\u00edtol-624x441.jpg 624w\" sizes=\"auto, (max-width: 625px) 100vw, 625px\" \/><\/a><\/p>\n","protected":false},"excerpt":{"rendered":"<p>Durant el I trimestre d&#8217;aquest 2021, amb els participants del Taller Claror, hem estat treballant el coneixement de l&#8217;entorn, \u00e9s a dir, con\u00e8ixer una mica m\u00e9s La Seu, racons, carrers i places com tamb\u00e9 s\u00edmbols que passen desapercebuts quan caminem per la nostra ciutat. Una vegada fet aquest treball vam pensar que vol\u00edem compartir-ho amb [&hellip;]<\/p>\n","protected":false},"author":92,"featured_media":0,"comment_status":"open","ping_status":"open","sticky":false,"template":"","format":"standard","meta":{"ngg_post_thumbnail":0,"footnotes":""},"categories":[1],"tags":[],"class_list":["post-2300","post","type-post","status-publish","format-standard","hentry","category-general"],"_links":{"self":[{"href":"https:\/\/bloc.xarxa-omnia.org\/laseu\/wp-json\/wp\/v2\/posts\/2300","targetHints":{"allow":["GET"]}}],"collection":[{"href":"https:\/\/bloc.xarxa-omnia.org\/laseu\/wp-json\/wp\/v2\/posts"}],"about":[{"href":"https:\/\/bloc.xarxa-omnia.org\/laseu\/wp-json\/wp\/v2\/types\/post"}],"author":[{"embeddable":true,"href":"https:\/\/bloc.xarxa-omnia.org\/laseu\/wp-json\/wp\/v2\/users\/92"}],"replies":[{"embeddable":true,"href":"https:\/\/bloc.xarxa-omnia.org\/laseu\/wp-json\/wp\/v2\/comments?post=2300"}],"version-history":[{"count":8,"href":"https:\/\/bloc.xarxa-omnia.org\/laseu\/wp-json\/wp\/v2\/posts\/2300\/revisions"}],"predecessor-version":[{"id":2310,"href":"https:\/\/bloc.xarxa-omnia.org\/laseu\/wp-json\/wp\/v2\/posts\/2300\/revisions\/2310"}],"wp:attachment":[{"href":"https:\/\/bloc.xarxa-omnia.org\/laseu\/wp-json\/wp\/v2\/media?parent=2300"}],"wp:term":[{"taxonomy":"category","embeddable":true,"href":"https:\/\/bloc.xarxa-omnia.org\/laseu\/wp-json\/wp\/v2\/categories?post=2300"},{"taxonomy":"post_tag","embeddable":true,"href":"https:\/\/bloc.xarxa-omnia.org\/laseu\/wp-json\/wp\/v2\/tags?post=2300"}],"curies":[{"name":"wp","href":"https:\/\/api.w.org\/{rel}","templated":true}]}}