{"id":2311,"date":"2021-05-11T07:55:30","date_gmt":"2021-05-11T06:55:30","guid":{"rendered":"http:\/\/bloc.xarxa-omnia.org\/laseu\/?p=2311"},"modified":"2021-05-11T07:55:32","modified_gmt":"2021-05-11T06:55:32","slug":"informat-amb-telegram","status":"publish","type":"post","link":"https:\/\/bloc.xarxa-omnia.org\/laseu\/2021\/05\/11\/informat-amb-telegram\/","title":{"rendered":"Informa&#8217;t amb #Telegram"},"content":{"rendered":"<p>Des del Consell Consultiu de la Gent Gran, Regidoria de la Gent Gran de l&#8217;ajuntament de La Seu d&#8217;Urgell, Mossos d&#8217;Esquadra, i el Consorci d&#8217;Atenci\u00f3 a les persones de l&#8217;Alt Urgell, han creat un canal informatiu per a la gent gran. El canal informatiu t\u00e9 com a nom GentGranAltUrgell, i ser\u00e0 un espai on rebre nom\u00e9s not\u00edcies.<\/p>\n<p>Aquest canal est\u00e0 fet des de l&#8217;App de Telegram i \u00e9s aqu\u00ed on el Punt \u00d2mnia col\u00b7labora. Els dies 27 de maig i 3 de juny, farem dues sessions presencials on amb inscripci\u00f3 pr\u00e8via, farem aquesta formaci\u00f3 per veure i aprendre com funciona el canal i tamb\u00e9 com funciona Telegram amb general. Les sessions tindran un m\u00e0xim de 10 participants i el lloc de les sessions ser\u00e0 a la sala de plens de l&#8217;ajuntament, amb totes les mesures de seguretat pertinents.<\/p>\n<p>S&#8217;ha escollit aquesta aplicaci\u00f3 justament pel tema de protecci\u00f3 de dades.<\/p>\n<p>Apostem perqu\u00e8 la gent Gran de La Seu i de la nostra comarca continu\u00efn utilitzant les Tic com a eines per estar informats, per poder-se comunicar, per estar activitats i dins del m\u00f3n i aix\u00ed a poc a poc reduir l&#8217;escletxa digital.<br \/>\n<a href=\"http:\/\/bloc.xarxa-omnia.org\/laseu\/files\/2021\/05\/cartelltelegramok-xarxes.jpg\"><img loading=\"lazy\" decoding=\"async\" class=\"alignnone wp-image-2312 size-large\" src=\"http:\/\/bloc.xarxa-omnia.org\/laseu\/files\/2021\/05\/cartelltelegramok-xarxes-723x1024.jpg\" alt=\"\" width=\"625\" height=\"885\" srcset=\"https:\/\/bloc.xarxa-omnia.org\/laseu\/files\/2021\/05\/cartelltelegramok-xarxes-723x1024.jpg 723w, https:\/\/bloc.xarxa-omnia.org\/laseu\/files\/2021\/05\/cartelltelegramok-xarxes-212x300.jpg 212w, https:\/\/bloc.xarxa-omnia.org\/laseu\/files\/2021\/05\/cartelltelegramok-xarxes-768x1087.jpg 768w, https:\/\/bloc.xarxa-omnia.org\/laseu\/files\/2021\/05\/cartelltelegramok-xarxes-1085x1536.jpg 1085w, https:\/\/bloc.xarxa-omnia.org\/laseu\/files\/2021\/05\/cartelltelegramok-xarxes-624x883.jpg 624w, https:\/\/bloc.xarxa-omnia.org\/laseu\/files\/2021\/05\/cartelltelegramok-xarxes.jpg 1200w\" sizes=\"auto, (max-width: 625px) 100vw, 625px\" \/><\/a><\/p>\n","protected":false},"excerpt":{"rendered":"<p>Des del Consell Consultiu de la Gent Gran, Regidoria de la Gent Gran de l&#8217;ajuntament de La Seu d&#8217;Urgell, Mossos d&#8217;Esquadra, i el Consorci d&#8217;Atenci\u00f3 a les persones de l&#8217;Alt Urgell, han creat un canal informatiu per a la gent gran. El canal informatiu t\u00e9 com a nom GentGranAltUrgell, i ser\u00e0 un espai on rebre [&hellip;]<\/p>\n","protected":false},"author":92,"featured_media":0,"comment_status":"open","ping_status":"open","sticky":false,"template":"","format":"standard","meta":{"ngg_post_thumbnail":0,"footnotes":""},"categories":[1],"tags":[],"class_list":["post-2311","post","type-post","status-publish","format-standard","hentry","category-general"],"_links":{"self":[{"href":"https:\/\/bloc.xarxa-omnia.org\/laseu\/wp-json\/wp\/v2\/posts\/2311","targetHints":{"allow":["GET"]}}],"collection":[{"href":"https:\/\/bloc.xarxa-omnia.org\/laseu\/wp-json\/wp\/v2\/posts"}],"about":[{"href":"https:\/\/bloc.xarxa-omnia.org\/laseu\/wp-json\/wp\/v2\/types\/post"}],"author":[{"embeddable":true,"href":"https:\/\/bloc.xarxa-omnia.org\/laseu\/wp-json\/wp\/v2\/users\/92"}],"replies":[{"embeddable":true,"href":"https:\/\/bloc.xarxa-omnia.org\/laseu\/wp-json\/wp\/v2\/comments?post=2311"}],"version-history":[{"count":2,"href":"https:\/\/bloc.xarxa-omnia.org\/laseu\/wp-json\/wp\/v2\/posts\/2311\/revisions"}],"predecessor-version":[{"id":2314,"href":"https:\/\/bloc.xarxa-omnia.org\/laseu\/wp-json\/wp\/v2\/posts\/2311\/revisions\/2314"}],"wp:attachment":[{"href":"https:\/\/bloc.xarxa-omnia.org\/laseu\/wp-json\/wp\/v2\/media?parent=2311"}],"wp:term":[{"taxonomy":"category","embeddable":true,"href":"https:\/\/bloc.xarxa-omnia.org\/laseu\/wp-json\/wp\/v2\/categories?post=2311"},{"taxonomy":"post_tag","embeddable":true,"href":"https:\/\/bloc.xarxa-omnia.org\/laseu\/wp-json\/wp\/v2\/tags?post=2311"}],"curies":[{"name":"wp","href":"https:\/\/api.w.org\/{rel}","templated":true}]}}