{"id":2316,"date":"2021-05-24T14:03:16","date_gmt":"2021-05-24T13:03:16","guid":{"rendered":"http:\/\/bloc.xarxa-omnia.org\/laseu\/?p=2316"},"modified":"2021-05-24T14:03:48","modified_gmt":"2021-05-24T13:03:48","slug":"fotografiem-la-seu","status":"publish","type":"post","link":"https:\/\/bloc.xarxa-omnia.org\/laseu\/2021\/05\/24\/fotografiem-la-seu\/","title":{"rendered":"Fotografiem La Seu"},"content":{"rendered":"<p>Aquest \u00e9s un projecte que hav\u00edem de fer al mar\u00e7 del 2020 i que l\u00f2gicament vam haver de posposar-ho per a aquest any.Aquest projecte est\u00e0 creat amb el grup de joves del SAD (Servei d&#8217;Atenci\u00f3 Di\u00fcrna)<br \/>\nEl projecte tamb\u00e9 ha patit la pand\u00e8mia ja que hem tingut que canviar una mica el format, per\u00f2 tot i aix\u00ed l&#8217;hem pogut fer i he de dir que \u00e9s una exposici\u00f3 amb una qualitat molt bona. Com tamb\u00e9 hi ha hagut un parell de vegades que els participants han estat confinats i vam haver de parar unes setmanes.<\/p>\n<p>Els nostres objectius entre d&#8217;altres a treballar eren sobretot donar valor i respectar a l&#8217;entorn m\u00e9s proper que \u00e9s la nostra ciutat, com l&#8217;organitzaci\u00f3 del treball amb equip, potenciar habilitats socials i trencar amb les &#8220;etiquetes&#8221; que reben moltes vegades els joves participants del SAD, desenvolupar i potenciar la creativitat i la comunicaci\u00f3 a trav\u00e9s de les xarxes socials concretament amb Instagram i que puguin veure les altres utilitats que poden tenir les xarxes com a eines comunicatives i per \u00faltim treballar l&#8217;autonomia i que el projecte tingu\u00e9s el pes amb ells i elles i nosaltres estar m\u00e9s com a punt de suport.<br \/>\nEls objectius els hem treballat, per\u00f2 potser el que m\u00e9s ha costat \u00e9s el del treball m\u00e9s aut\u00f2nom, per\u00f2 l&#8217;equip educatiu valorem de forma positiva el projecte amb general i estem contents de com ha quedat el treball final.<\/p>\n<p>Podem dir que el projecte ha tingut dues parts:<br \/>\nPART 1<br \/>\nUna part m\u00e9s comunit\u00e0ria on fer que la ciutadania particip\u00e9s a trav\u00e9s d&#8217;Instagram responent quin lloc de la nostra ciutat els hi agradava m\u00e9s. I al final de projecte far\u00edem amb tots i tots\/es els\/les participants un sorteig on el premi seria una de les fotografies exposades.<br \/>\nEn aquesta acci\u00f3 vam participar unes quaranta persones.<\/p>\n<p>PART 2<br \/>\nLa segona part ha estat tot el treball per arribar a fer l&#8217;exposici\u00f3.<br \/>\nAquest treball era:<br \/>\n-Pensar i fer els estoris a Instagram perqu\u00e8 la ciutadania pugues participar.<br \/>\n-Extreure totes les votacions fetes a trav\u00e9s de la xarxa social i veure els llocs que la ciutadania havia votat per anar a fer fotos i fer els llistats de participants per fer tamb\u00e9 el sorteig i penjar-lo a la xarxa.<br \/>\n-Organitzar un calendari i una ruta per anar a fer les fotografies i a la vegada aprendre una mica la base de la fotografia (enfocament, llum, la regla dels tres ter\u00e7os, mirades i punts de vista&#8230;). Les fotos han estat fetes amb m\u00f2bils i una c\u00e0mera professional.<br \/>\n-Organitzar un calendari per anar penjant el proc\u00e9s del projecte a la xarxa Instagram i aix\u00ed tenir informat a tothom.<br \/>\n-Cada dimecres f\u00e8iem una part del projecte, des de l&#8217;edici\u00f3 de les fotos amb el programa de retoc Gimp, creaci\u00f3 dels t\u00edtols com a peu de les fotos amb el processador de text, la creaci\u00f3 del cartell que es penjar\u00e0 per la ciutat fet amb el Canva, per tant amb el projecte les TIC ha estat una de les eines primordials.<br \/>\nLes impressions com els marcs de les fotos han estat fetes amb una botiga de la ciutat.<\/p>\n<p>L&#8217;expo est\u00e0 oberta del 26 de maig al 14 de juny al vest\u00edbul de l&#8217;Edifici Cultual de les Monges.<br \/>\nHa estat un projecte molt circular, creat i fet amb moltes ganes amb un any gens f\u00e0cil per tots i on hem volgut donar una mica de vida a la nostra ciutat.<br \/>\nEsperem que us agradi!!<\/p>\n<p><a href=\"http:\/\/bloc.xarxa-omnia.org\/laseu\/files\/2021\/05\/Cartell.jpg\"><img loading=\"lazy\" decoding=\"async\" src=\"http:\/\/bloc.xarxa-omnia.org\/laseu\/files\/2021\/05\/Cartell-724x1024.jpg\" alt=\"\" class=\"alignnone size-large wp-image-2317\" width=\"625\" height=\"884\" srcset=\"https:\/\/bloc.xarxa-omnia.org\/laseu\/files\/2021\/05\/Cartell-724x1024.jpg 724w, https:\/\/bloc.xarxa-omnia.org\/laseu\/files\/2021\/05\/Cartell-212x300.jpg 212w, https:\/\/bloc.xarxa-omnia.org\/laseu\/files\/2021\/05\/Cartell-768x1086.jpg 768w, https:\/\/bloc.xarxa-omnia.org\/laseu\/files\/2021\/05\/Cartell-1086x1536.jpg 1086w, https:\/\/bloc.xarxa-omnia.org\/laseu\/files\/2021\/05\/Cartell-624x882.jpg 624w, https:\/\/bloc.xarxa-omnia.org\/laseu\/files\/2021\/05\/Cartell.jpg 1169w\" sizes=\"auto, (max-width: 625px) 100vw, 625px\" \/><\/a><\/p>\n","protected":false},"excerpt":{"rendered":"<p>Aquest \u00e9s un projecte que hav\u00edem de fer al mar\u00e7 del 2020 i que l\u00f2gicament vam haver de posposar-ho per a aquest any.Aquest projecte est\u00e0 creat amb el grup de joves del SAD (Servei d&#8217;Atenci\u00f3 Di\u00fcrna) El projecte tamb\u00e9 ha patit la pand\u00e8mia ja que hem tingut que canviar una mica el format, per\u00f2 tot [&hellip;]<\/p>\n","protected":false},"author":92,"featured_media":0,"comment_status":"open","ping_status":"open","sticky":false,"template":"","format":"standard","meta":{"ngg_post_thumbnail":0,"footnotes":""},"categories":[1],"tags":[],"class_list":["post-2316","post","type-post","status-publish","format-standard","hentry","category-general"],"_links":{"self":[{"href":"https:\/\/bloc.xarxa-omnia.org\/laseu\/wp-json\/wp\/v2\/posts\/2316","targetHints":{"allow":["GET"]}}],"collection":[{"href":"https:\/\/bloc.xarxa-omnia.org\/laseu\/wp-json\/wp\/v2\/posts"}],"about":[{"href":"https:\/\/bloc.xarxa-omnia.org\/laseu\/wp-json\/wp\/v2\/types\/post"}],"author":[{"embeddable":true,"href":"https:\/\/bloc.xarxa-omnia.org\/laseu\/wp-json\/wp\/v2\/users\/92"}],"replies":[{"embeddable":true,"href":"https:\/\/bloc.xarxa-omnia.org\/laseu\/wp-json\/wp\/v2\/comments?post=2316"}],"version-history":[{"count":2,"href":"https:\/\/bloc.xarxa-omnia.org\/laseu\/wp-json\/wp\/v2\/posts\/2316\/revisions"}],"predecessor-version":[{"id":2319,"href":"https:\/\/bloc.xarxa-omnia.org\/laseu\/wp-json\/wp\/v2\/posts\/2316\/revisions\/2319"}],"wp:attachment":[{"href":"https:\/\/bloc.xarxa-omnia.org\/laseu\/wp-json\/wp\/v2\/media?parent=2316"}],"wp:term":[{"taxonomy":"category","embeddable":true,"href":"https:\/\/bloc.xarxa-omnia.org\/laseu\/wp-json\/wp\/v2\/categories?post=2316"},{"taxonomy":"post_tag","embeddable":true,"href":"https:\/\/bloc.xarxa-omnia.org\/laseu\/wp-json\/wp\/v2\/tags?post=2316"}],"curies":[{"name":"wp","href":"https:\/\/api.w.org\/{rel}","templated":true}]}}