{"id":2320,"date":"2021-05-27T07:33:13","date_gmt":"2021-05-27T06:33:13","guid":{"rendered":"http:\/\/bloc.xarxa-omnia.org\/laseu\/?p=2320"},"modified":"2021-05-27T07:33:41","modified_gmt":"2021-05-27T06:33:41","slug":"i-can-i-will","status":"publish","type":"post","link":"https:\/\/bloc.xarxa-omnia.org\/laseu\/2021\/05\/27\/i-can-i-will\/","title":{"rendered":"I can &amp; I will"},"content":{"rendered":"<p>Ara \u00e9s l&#8217;\u00e8poca que a poc a poc anem acabant projectes i tallers.<br \/>\nDurant tot el curs, el Punt \u00d2mnia amb Oficina Jove de l&#8217;Alt Urgell i l&#8217;Aula Oberta de l&#8217;Institut @lavalira hem treballat per portar a terme un projecte en el meu cas sobre l&#8217;alfabetitzaci\u00f3 digital (TIC).<br \/>\nUn any ple d&#8217;experi\u00e8ncies i de reptes.<br \/>\nHem treballat les Tic i com sempre dic, tota una s\u00e8rie d&#8217;activitats i objectius on els joves han treballat els seus h\u00e0bits, el seu comportament, la const\u00e0ncia, la responsabilitat i valors.Els \u00d2mnia som espais on els participants dels projectes treballen molt m\u00e9s que l&#8217;aprenentatge de les Tic, que tamb\u00e9, sempre anem un pas m\u00e9s enll\u00e0 i com sempre diem les Tic \u00e9s l&#8217;eina amb la qual arribem a treballar aspectes molt importants com els valors de la responsabilitat, la import\u00e0ncia de l&#8217;esfor\u00e7 i la const\u00e0ncia entre molts altres objectius, per\u00f2 per mi el m\u00e9s important \u00e9s el fet de donar possibilitat i empoderar als participants. Que important \u00e9s EMPODERAR i generar confian\u00e7a a les persones per seguir endavant.<br \/>\nNom\u00e9s donar les gr\u00e0cies per la confian\u00e7a i als participants felicitar-los per la seva feina i el seu esfor\u00e7.\ud83d\udc4f\ud83d\udc4f\ud83d\udc4f<br \/>\n<a href=\"http:\/\/bloc.xarxa-omnia.org\/laseu\/files\/2021\/05\/ies-la-valira-punt-\u00f2mnia.jpg\"><img loading=\"lazy\" decoding=\"async\" src=\"http:\/\/bloc.xarxa-omnia.org\/laseu\/files\/2021\/05\/ies-la-valira-punt-\u00f2mnia-300x300.jpg\" alt=\"\" class=\"alignnone size-medium wp-image-2321\" width=\"300\" height=\"300\" srcset=\"https:\/\/bloc.xarxa-omnia.org\/laseu\/files\/2021\/05\/ies-la-valira-punt-\u00f2mnia-300x300.jpg 300w, https:\/\/bloc.xarxa-omnia.org\/laseu\/files\/2021\/05\/ies-la-valira-punt-\u00f2mnia-1024x1024.jpg 1024w, https:\/\/bloc.xarxa-omnia.org\/laseu\/files\/2021\/05\/ies-la-valira-punt-\u00f2mnia-150x150.jpg 150w, https:\/\/bloc.xarxa-omnia.org\/laseu\/files\/2021\/05\/ies-la-valira-punt-\u00f2mnia-768x768.jpg 768w, https:\/\/bloc.xarxa-omnia.org\/laseu\/files\/2021\/05\/ies-la-valira-punt-\u00f2mnia-624x624.jpg 624w, https:\/\/bloc.xarxa-omnia.org\/laseu\/files\/2021\/05\/ies-la-valira-punt-\u00f2mnia.jpg 1080w\" sizes=\"auto, (max-width: 300px) 100vw, 300px\" \/><\/a><\/p>\n","protected":false},"excerpt":{"rendered":"<p>Ara \u00e9s l&#8217;\u00e8poca que a poc a poc anem acabant projectes i tallers. Durant tot el curs, el Punt \u00d2mnia amb Oficina Jove de l&#8217;Alt Urgell i l&#8217;Aula Oberta de l&#8217;Institut @lavalira hem treballat per portar a terme un projecte en el meu cas sobre l&#8217;alfabetitzaci\u00f3 digital (TIC). Un any ple d&#8217;experi\u00e8ncies i de reptes. [&hellip;]<\/p>\n","protected":false},"author":92,"featured_media":0,"comment_status":"open","ping_status":"open","sticky":false,"template":"","format":"standard","meta":{"ngg_post_thumbnail":0,"footnotes":""},"categories":[1],"tags":[],"class_list":["post-2320","post","type-post","status-publish","format-standard","hentry","category-general"],"_links":{"self":[{"href":"https:\/\/bloc.xarxa-omnia.org\/laseu\/wp-json\/wp\/v2\/posts\/2320","targetHints":{"allow":["GET"]}}],"collection":[{"href":"https:\/\/bloc.xarxa-omnia.org\/laseu\/wp-json\/wp\/v2\/posts"}],"about":[{"href":"https:\/\/bloc.xarxa-omnia.org\/laseu\/wp-json\/wp\/v2\/types\/post"}],"author":[{"embeddable":true,"href":"https:\/\/bloc.xarxa-omnia.org\/laseu\/wp-json\/wp\/v2\/users\/92"}],"replies":[{"embeddable":true,"href":"https:\/\/bloc.xarxa-omnia.org\/laseu\/wp-json\/wp\/v2\/comments?post=2320"}],"version-history":[{"count":3,"href":"https:\/\/bloc.xarxa-omnia.org\/laseu\/wp-json\/wp\/v2\/posts\/2320\/revisions"}],"predecessor-version":[{"id":2324,"href":"https:\/\/bloc.xarxa-omnia.org\/laseu\/wp-json\/wp\/v2\/posts\/2320\/revisions\/2324"}],"wp:attachment":[{"href":"https:\/\/bloc.xarxa-omnia.org\/laseu\/wp-json\/wp\/v2\/media?parent=2320"}],"wp:term":[{"taxonomy":"category","embeddable":true,"href":"https:\/\/bloc.xarxa-omnia.org\/laseu\/wp-json\/wp\/v2\/categories?post=2320"},{"taxonomy":"post_tag","embeddable":true,"href":"https:\/\/bloc.xarxa-omnia.org\/laseu\/wp-json\/wp\/v2\/tags?post=2320"}],"curies":[{"name":"wp","href":"https:\/\/api.w.org\/{rel}","templated":true}]}}