{"id":2361,"date":"2021-06-15T07:16:47","date_gmt":"2021-06-15T06:16:47","guid":{"rendered":"http:\/\/bloc.xarxa-omnia.org\/laseu\/?p=2361"},"modified":"2021-06-15T07:16:47","modified_gmt":"2021-06-15T06:16:47","slug":"la-mobile-week-a-la-seu-durgell","status":"publish","type":"post","link":"https:\/\/bloc.xarxa-omnia.org\/laseu\/2021\/06\/15\/la-mobile-week-a-la-seu-durgell\/","title":{"rendered":"La Mobile Week a La Seu d\u2019Urgell"},"content":{"rendered":"<p>Not\u00edcia extreta de la web www.laseu.cat<\/p>\n<p>La Mobile Week la Seu d\u2019Urgell aposta per una programaci\u00f3 inclusiva i per a p\u00fablic especialitzat i empresarial.<br \/>\nOferir\u00e0 un total de 17 activitats, totes gratu\u00eftes, 16 conferenciants experts i ofereix m\u00e9s de 565 places disponibles que s\u2019obriran el pr\u00f2xim dijous 17 de juny a partir de les 9 del mat\u00ed. Les inscripcions es podran fer a: https:\/\/mweek.com\/ <\/p>\n<p>Aquest mat\u00ed s\u2019ha presentat la Mobile Week la Seu d\u2019Urgell que se celebrar\u00e0 els dies 9, 10 i 11 de juliol a la capital de l\u2019Alt Urgell. La roda de premsa de presentaci\u00f3 d\u2019aquest esdeveniment que s\u2019inclou a la Mobile Week Catalunya 2021 ha anat a c\u00e0rrec de l\u2019alcalde de la Seu, Jordi F\u00e0brega, i del regidor d\u2019Innovaci\u00f3 Tecnol\u00f2gica de l\u2019Ajuntament urgellenc, Joan Llobera, acompanyats del CEO de Mobile World Capital Barcelona, Carlos Grau, i la directora general de Societat Digital del Departament de Pol\u00edtiques Digitals de la Generalitat de Catalunya, Joana Barbany, que ho han fet de manera telem\u00e0tica, des de Barcelona i des Sant Cugat del Vall\u00e8s, respectivament.<\/p>\n<p>La Mobile Week la Seu d\u2019Urgell presenta una programaci\u00f3 inclusiva que aglutinar\u00e0 durant tres jornades la gran majoria d\u2019accions TIC que es venen portant a terme des de diferents institucions de la ciutat, que van des de la vessant social i educativa com el Punt \u00d2mnia i centres d\u2019educaci\u00f3 prim\u00e0ria com les escoles Mn. Albert Vives i La Valira, passant tamb\u00e9 pel m\u00f3n empresarial i tecnol\u00f2gic com el Centre Empresarial i Tecnol\u00f2gic de l\u2019Alt Pirineu (CETAP) i l\u2019Associaci\u00f3 d\u2019Empresaris de l\u2019Alt Urgell (AEAU). Aix\u00ed ho ha avan\u00e7at l\u2019alcalde urgellenc, Jordi F\u00e0brega, que ha volgut remarcar que \u201cno \u00e9s una casualitat que tingui lloc a la Seu d\u2019Urgell, sin\u00f3 que \u00e9s el resultat de molts anys d\u2019apostar per les noves tecnologies en molts \u00e0mbits de la ciutat i la comarca\u201d. En aquest sentit, l\u2019alcalde de la Seu d\u2019Urgell ha afegit que \u201cla Mobile Week \u00e9s un reconeixement de l\u2019Ajuntament i de la ciutat a totes les persones i institucions que hi estan apostant des de fa tant temps, i alhora recollir el seu guant i apostar per a les noves tecnologies com a projecte de present i de futur per a lluitar contra el despoblament i l\u2019atur, especialment juvenil i femen\u00ed\u201d.<\/p>\n<p>F\u00e0brega tamb\u00e9 ha ressaltat poder comptar en aquesta Mobile Week la Seu d\u2019Urgell amb la complicitat del Principat d\u2019Andorra \u201cper a fer front com\u00fa a l\u2019hora de fer arribar les TIC al Pirineu\u201d.<\/p>\n<p>Per la seva part, CEO de Mobile World Capital Barcelona, Carlos Grau, ha lloat tant la participaci\u00f3 com la programaci\u00f3 de la Seu d\u2019Urgell a la Mobile Week Catalunya que \u201crecull el plantejament de portar les Noves Tecnologies al territori i compartir aquesta capitalitat, per tal d\u2019evitar l\u2019escletxa digital, ajudar a millorar les nostres empreses i integrar a tota la ciutadania a trav\u00e9s de la tecnologia\u201d.<\/p>\n<p>Al seu torn, Joana Barbany, directora general de Societat Digital del Departament de Pol\u00edtiques Digitals de la Generalitat, ha subratllat la import\u00e0ncia que t\u00e9 la tecnologia per ajudar al creixement econ\u00f2mic de les empreses de cada territori, i alhora ha elogiat la programaci\u00f3 intergeneracional i inclusiva que presenta la Mobile Week la Seu d\u2019Urgell.<\/p>\n<p>Tant Carlos Grau com Joana Barbany han volgut animar a tota la ciutadania urgellenca a participar en les diferents activitats que hi ha programades a la Mobile Week la Seu d\u2019Urgell, \u201cla tecnologia pot ser un gran aliat per a tothom\u201d, han afirmat. Ambd\u00f3s han destacat que la programaci\u00f3 de la Seu d\u2019Urgell \u00e9s de les m\u00e9s atractives de les diferents seus Moble Week Catalunya.<\/p>\n<p>\u2018Tecnologia per a la ciutadania\u201d<\/p>\n<p>La Mobile Week la Seu d\u2019Urgell tindr\u00e0 lloc del 9 a l\u201911 de juliol (de divendres a diumenge) i sota el lema \u2018Tecnologia per a la ciutadania\u201d compta amb una programaci\u00f3 amb diferents tem\u00e0tiques, adre\u00e7ada a tot tipus de p\u00fablic, des d\u2019infants, gent gran, fam\u00edlies i persones amb necessitats funcionals, aix\u00ed com a professionals del sector i a empreses.<\/p>\n<p>La Mobile Week la Seu d\u2019Urgell oferir\u00e0 un total de 17 activitats, totes gratu\u00eftes, 16 conferenciants experts i ofereix m\u00e9s de 565 places disponibles que s\u2019obriran el pr\u00f2xim dijous 17 de juny a partir de les 9 del mat\u00ed. Les inscripcions es podran fer a: https:\/\/mweek.com\/<\/p>\n<p>La Mobile Week la Seu d\u2019Urgell s\u2019iniciar\u00e0 divendres 9 de juliol amb la 1a Trobada empresarial: Networking+Empresa que tindr\u00e0 lloc a partir de les nou mat\u00ed al CETAP. En aquesta primera jornada hi haur\u00e0 un total de 3 di\u00e0legs (Ciberseguretat a l\u2019empresa, R+D+I, aposta per les TIC i Tecnologia 5G), i 2 tallers (Ecoturisme urb\u00e0 amb codis QR i rob\u00f2tica educativa).<\/p>\n<p>Di\u00e0leg inaugural: Mr. Hand Solo<\/p>\n<p>Dissabte 10 i diumenge 11 de juliol, la Mobile Week la Seu d\u2019Urgell tindr\u00e0 lloc \u00edntegrament a la sala Sant Dom\u00e8nec. Dissabte a les deu del mat\u00ed tindr\u00e0 lloc el di\u00e0leg inaugural que anir\u00e0 a c\u00e0rrec de David Aguilar, el protagonista del documental Mr. Hand Solo, el jove andorr\u00e0 amb arrels a la Seu d\u2019Urgell, que es va construir una pr\u00f2tesi amb peces de Lego. En acabar, es realitzar\u00e0 un breu taller amb els infants i joves de construcci\u00f3 amb peces de LEGO. A la nit, es projectar\u00e0 el documental a la pla\u00e7a dels Oms.<\/p>\n<p>Durant la jornada de dissabte tindran lloc tamb\u00e9 dos tallers sobre drons educatius, dues rutes ecotur\u00edstiques i sobre la Seu Medieval amb codis QR i el di\u00e0leg sobre l\u2019aplicaci\u00f3 de les tecnologies de drons i sens\u00f2riques a zones de muntanya.<\/p>\n<p>Diumenge 11 de juliol, darrera jornada de la Mobile Week la Seu d\u2019Urgell, es portar\u00e0 a terme un taller sobre rob\u00f2tica eductiva i els di\u00e0legs: La tecnologia 3D aplicada a la Medicina i Practicar h\u00e0bits cibersaludables en el dia a dia.<\/p>\n<p>Clour\u00e0 la Mobile Week la Seu d\u2019Urgell, el di\u00e0leg Tecnologia 5G: oportunitats per l\u2019Alt Urgell, que anir\u00e0 a c\u00e0rrec d\u2019Eduard Mart\u00edn, director del Programa 5G de la Fundaci\u00f3 Mobile World Capital.<\/p>\n<p>La Seu d\u2019Urgell \u00e9s una de les 18 ciutats que acullen aquest any la Mobile Week Catalunya, i l\u2019\u00fanica de l\u2019Alt Pirineu i Aran.<\/p>\n<p>La Mobile Week \u00e9s una iniciativa de Mobile World Capital Barcelona, en col\u00b7laboraci\u00f3 amb Generalitat de Catalunya, IDAPA i Ajuntament de la Seu d\u2019Urgell, amb el suport de Caixa Bank i Estrella Damm, i compta amb 10 partners.<\/p>\n<p><a href=\"http:\/\/bloc.xarxa-omnia.org\/laseu\/files\/2021\/06\/1623676996912.jpg\"><img loading=\"lazy\" decoding=\"async\" src=\"http:\/\/bloc.xarxa-omnia.org\/laseu\/files\/2021\/06\/1623676996912-150x150.jpg\" alt=\"\" width=\"150\" height=\"150\" class=\"alignnone size-thumbnail wp-image-2362\" \/><\/a><\/p>\n","protected":false},"excerpt":{"rendered":"<p>Not\u00edcia extreta de la web www.laseu.cat La Mobile Week la Seu d\u2019Urgell aposta per una programaci\u00f3 inclusiva i per a p\u00fablic especialitzat i empresarial. Oferir\u00e0 un total de 17 activitats, totes gratu\u00eftes, 16 conferenciants experts i ofereix m\u00e9s de 565 places disponibles que s\u2019obriran el pr\u00f2xim dijous 17 de juny a partir de les 9 [&hellip;]<\/p>\n","protected":false},"author":92,"featured_media":0,"comment_status":"open","ping_status":"open","sticky":false,"template":"","format":"standard","meta":{"ngg_post_thumbnail":0,"footnotes":""},"categories":[1],"tags":[],"class_list":["post-2361","post","type-post","status-publish","format-standard","hentry","category-general"],"_links":{"self":[{"href":"https:\/\/bloc.xarxa-omnia.org\/laseu\/wp-json\/wp\/v2\/posts\/2361","targetHints":{"allow":["GET"]}}],"collection":[{"href":"https:\/\/bloc.xarxa-omnia.org\/laseu\/wp-json\/wp\/v2\/posts"}],"about":[{"href":"https:\/\/bloc.xarxa-omnia.org\/laseu\/wp-json\/wp\/v2\/types\/post"}],"author":[{"embeddable":true,"href":"https:\/\/bloc.xarxa-omnia.org\/laseu\/wp-json\/wp\/v2\/users\/92"}],"replies":[{"embeddable":true,"href":"https:\/\/bloc.xarxa-omnia.org\/laseu\/wp-json\/wp\/v2\/comments?post=2361"}],"version-history":[{"count":1,"href":"https:\/\/bloc.xarxa-omnia.org\/laseu\/wp-json\/wp\/v2\/posts\/2361\/revisions"}],"predecessor-version":[{"id":2363,"href":"https:\/\/bloc.xarxa-omnia.org\/laseu\/wp-json\/wp\/v2\/posts\/2361\/revisions\/2363"}],"wp:attachment":[{"href":"https:\/\/bloc.xarxa-omnia.org\/laseu\/wp-json\/wp\/v2\/media?parent=2361"}],"wp:term":[{"taxonomy":"category","embeddable":true,"href":"https:\/\/bloc.xarxa-omnia.org\/laseu\/wp-json\/wp\/v2\/categories?post=2361"},{"taxonomy":"post_tag","embeddable":true,"href":"https:\/\/bloc.xarxa-omnia.org\/laseu\/wp-json\/wp\/v2\/tags?post=2361"}],"curies":[{"name":"wp","href":"https:\/\/api.w.org\/{rel}","templated":true}]}}