{"id":2392,"date":"2021-08-10T09:45:40","date_gmt":"2021-08-10T08:45:40","guid":{"rendered":"http:\/\/bloc.xarxa-omnia.org\/laseu\/?p=2392"},"modified":"2021-08-10T09:46:18","modified_gmt":"2021-08-10T08:46:18","slug":"realitat-o-ficcio-que-en-penses","status":"publish","type":"post","link":"https:\/\/bloc.xarxa-omnia.org\/laseu\/2021\/08\/10\/realitat-o-ficcio-que-en-penses\/","title":{"rendered":"Realitat o ficci\u00f3&#8230;Qu\u00e8 en penses?"},"content":{"rendered":"<p>Campanya de sensibilitzaci\u00f3 per l&#8217;\u00fas responsable de la tecnologia, realitzada entre l&#8217;Oficina Jove de l&#8217;Alt Urgell i el Punt \u00d2mnia de la Seu.<br \/>\nDurant aquest estiu hem preparat una campanya la qual volem incidir durant el que queda d&#8217;any i el curs vinent.<br \/>\nAquesta campanya va sobre la sensibilitzaci\u00f3 per l&#8217;\u00fas responsable de la tecnologia.<br \/>\nVam pensar de quina manera pod\u00edem arribar a la majoria de poblaci\u00f3, no nom\u00e9s als joves, a tothom, perqu\u00e8 l&#8217;\u00fas responsable \u00e9s cosa de tots i totes.<br \/>\nPer aquesta campanya hem tingut el refor\u00e7 d&#8217;un professional amb el tema de les addiccions a les pantalles i tot el que el seu \u00fas comporta, solitud, canvis de car\u00e0cter, h\u00e0bits d&#8217;alimentaci\u00f3, ciberassetjament&#8230;etc.<br \/>\nI ens vam posar mans a l&#8217;obra. Objectiu clau, fer reflexionar a la poblaci\u00f3 del que fem amb la tecnologia, canviar h\u00e0bits de comunicaci\u00f3 i incentivar la socialitzaci\u00f3.<br \/>\nA partir d&#8217;aqu\u00ed van anant sorgint idees, esborranys d&#8217;un primer projecte que a poc a poc va agafar forma i for\u00e7a i des de finals de juny ja el tenim amb marxa.<br \/>\nLa campanya el que vol \u00e9s donar missatges &#8220;d&#8217;impacte&#8221; que faci pensar i reflexionar a la persona que ho escolta, o el veu.<br \/>\nPer donar aquests missatges d&#8217;impacte ens hem valgut de les activitats del projecte Imsomni que l&#8217;Oficina Jove de l&#8217;Alt Urgell fa des de fa uns anys, un projecte que engloba moltes activitats des de caminades per veure estels o la lluna plena, activitats d&#8217;esports com spinning, teatre i mon\u00f2legs, concerts i cinema a la fresca, tallers de Dj o batalles de galls amb tallers de murals gegants&#8230; activitats pensades per a joves, per\u00f2 acaben anant persones de diferents edats perqu\u00e8 no estan tancades per edat. \u00c9s amb aquestes activitats que al principi de cadascuna donem el missatge que hem pensat per aquell p\u00fablic amb concret, ja que les persones que van a l&#8217;activitat han de fer inscripci\u00f3 pr\u00e8via.<br \/>\nEls missatges s\u00f3n a trav\u00e9s de v\u00eddeos curts, \u00e0udios o sketch&#8217;s de teatre on es representa una viv\u00e8ncia sobre una mala pr\u00e0ctica de l&#8217;\u00fas tecnol\u00f2gic.<br \/>\nTamb\u00e9 hem volgut arribar una mica m\u00e9s lluny i el que hem fet \u00e9s crear una &#8220;escultura&#8221; que va apareixent i desapareixent amb dies i moments clau per la ciutat com el dia de mercat, tamb\u00e9 ha estat passejant pels casals infantils d&#8217;estiu, on han treballat el tema amb els infants, o el cap de setmana que es va organitzar les activitats del MobileWeek, aquesta va estar exposada a la sala mater on ens feien la majoria de pon\u00e8ncies durant tot un cap de setmana.<br \/>\nAquesta escultura, va acompanyada d&#8217;uns QR que la gent pot escanejar i descobrir, v\u00eddeos, web&#8217;s amb consells&#8230;etc.<br \/>\nAix\u00ed com els \u00e0udios i els sketch&#8217;s s\u00f3n fets per l&#8217;escola de Teatre, els v\u00eddeos els vam extreure de campanyes ja fetes i p\u00fabliques com v\u00eddeos de la Fundaci\u00f3n Orange, Pantallas Amigas, Internetambseny o Unicef entre d&#8217;altres.<br \/>\nPer acabar d&#8217;arrodonir alguns bars i algunes cafeteries de La Seu han volgut participar i amb els QR dels v\u00eddeos m\u00e9s impactants vam fer sotagots i aquests els col\u00b7loquen amb les begudes.<br \/>\nEl que volem \u00e9s incidir, per\u00f2 sempre deixant el missatge obert, \u00e9s a dir que cada missatge d&#8217;impacte que es veu o s&#8217;escolta pugui anar incidint en la persona i que la tecnologia sigui una eina que ajuda i no una eina que esclavitza.<br \/>\nEns queda molt per fer, queden mesos de feina, per\u00f2 la resposta que rebem per part de la ciutadania \u00e9s molt positiva, tothom ens ha felicitat, veuen la campanya impactant, per\u00f2 no invasiva que era una de les coses que busc\u00e0vem, fer reflexionar sense imposar res.<br \/>\n<a href=\"http:\/\/bloc.xarxa-omnia.org\/laseu\/files\/2021\/08\/CAMPANYAXARXEStra\u00e7atqr.jpg\"><img loading=\"lazy\" decoding=\"async\" src=\"http:\/\/bloc.xarxa-omnia.org\/laseu\/files\/2021\/08\/CAMPANYAXARXEStra\u00e7atqr.jpg\" alt=\"\" class=\"alignnone size-full wp-image-2393\" width=\"11326\" height=\"10789\"><\/a><\/p>\n","protected":false},"excerpt":{"rendered":"<p>Campanya de sensibilitzaci\u00f3 per l&#8217;\u00fas responsable de la tecnologia, realitzada entre l&#8217;Oficina Jove de l&#8217;Alt Urgell i el Punt \u00d2mnia de la Seu. Durant aquest estiu hem preparat una campanya la qual volem incidir durant el que queda d&#8217;any i el curs vinent. Aquesta campanya va sobre la sensibilitzaci\u00f3 per l&#8217;\u00fas responsable de la tecnologia. [&hellip;]<\/p>\n","protected":false},"author":92,"featured_media":0,"comment_status":"open","ping_status":"open","sticky":false,"template":"","format":"standard","meta":{"ngg_post_thumbnail":0,"footnotes":""},"categories":[1],"tags":[],"class_list":["post-2392","post","type-post","status-publish","format-standard","hentry","category-general"],"_links":{"self":[{"href":"https:\/\/bloc.xarxa-omnia.org\/laseu\/wp-json\/wp\/v2\/posts\/2392","targetHints":{"allow":["GET"]}}],"collection":[{"href":"https:\/\/bloc.xarxa-omnia.org\/laseu\/wp-json\/wp\/v2\/posts"}],"about":[{"href":"https:\/\/bloc.xarxa-omnia.org\/laseu\/wp-json\/wp\/v2\/types\/post"}],"author":[{"embeddable":true,"href":"https:\/\/bloc.xarxa-omnia.org\/laseu\/wp-json\/wp\/v2\/users\/92"}],"replies":[{"embeddable":true,"href":"https:\/\/bloc.xarxa-omnia.org\/laseu\/wp-json\/wp\/v2\/comments?post=2392"}],"version-history":[{"count":2,"href":"https:\/\/bloc.xarxa-omnia.org\/laseu\/wp-json\/wp\/v2\/posts\/2392\/revisions"}],"predecessor-version":[{"id":2395,"href":"https:\/\/bloc.xarxa-omnia.org\/laseu\/wp-json\/wp\/v2\/posts\/2392\/revisions\/2395"}],"wp:attachment":[{"href":"https:\/\/bloc.xarxa-omnia.org\/laseu\/wp-json\/wp\/v2\/media?parent=2392"}],"wp:term":[{"taxonomy":"category","embeddable":true,"href":"https:\/\/bloc.xarxa-omnia.org\/laseu\/wp-json\/wp\/v2\/categories?post=2392"},{"taxonomy":"post_tag","embeddable":true,"href":"https:\/\/bloc.xarxa-omnia.org\/laseu\/wp-json\/wp\/v2\/tags?post=2392"}],"curies":[{"name":"wp","href":"https:\/\/api.w.org\/{rel}","templated":true}]}}