{"id":2421,"date":"2021-11-02T10:19:43","date_gmt":"2021-11-02T09:19:43","guid":{"rendered":"http:\/\/bloc.xarxa-omnia.org\/laseu\/?p=2421"},"modified":"2021-11-02T10:23:05","modified_gmt":"2021-11-02T09:23:05","slug":"tancat-per-vacances-10","status":"publish","type":"post","link":"https:\/\/bloc.xarxa-omnia.org\/laseu\/2021\/11\/02\/tancat-per-vacances-10\/","title":{"rendered":"TANCAT PER VACANCES"},"content":{"rendered":"<p>El Punt \u00d2mnia romandr\u00e0 TANCAT del 8 al 22 de novembre.<\/p>\n<p>Tornarem a estar operatius dimarts 23 de novembre.<\/p>\n<p>Disculpeu les mol\u00e8sties i ens posarem amb contacte amb vosaltres a la tornada.<\/p>\n<p>Gr\u00e0cies<\/p>\n<p><a href=\"http:\/\/bloc.xarxa-omnia.org\/laseu\/files\/2021\/11\/El-Punt-\u00d2mnia-romandr\u00e0-tancat-per-vacances-del-8-al-22-de-noevmbre-del-2021.1.png\"><img loading=\"lazy\" decoding=\"async\" class=\"alignnone size-medium wp-image-2422\" src=\"http:\/\/bloc.xarxa-omnia.org\/laseu\/files\/2021\/11\/El-Punt-\u00d2mnia-romandr\u00e0-tancat-per-vacances-del-8-al-22-de-noevmbre-del-2021.1-300x300.png\" alt=\"\" width=\"300\" height=\"300\" srcset=\"https:\/\/bloc.xarxa-omnia.org\/laseu\/files\/2021\/11\/El-Punt-\u00d2mnia-romandr\u00e0-tancat-per-vacances-del-8-al-22-de-noevmbre-del-2021.1-300x300.png 300w, https:\/\/bloc.xarxa-omnia.org\/laseu\/files\/2021\/11\/El-Punt-\u00d2mnia-romandr\u00e0-tancat-per-vacances-del-8-al-22-de-noevmbre-del-2021.1-1024x1024.png 1024w, https:\/\/bloc.xarxa-omnia.org\/laseu\/files\/2021\/11\/El-Punt-\u00d2mnia-romandr\u00e0-tancat-per-vacances-del-8-al-22-de-noevmbre-del-2021.1-150x150.png 150w, https:\/\/bloc.xarxa-omnia.org\/laseu\/files\/2021\/11\/El-Punt-\u00d2mnia-romandr\u00e0-tancat-per-vacances-del-8-al-22-de-noevmbre-del-2021.1-768x768.png 768w, https:\/\/bloc.xarxa-omnia.org\/laseu\/files\/2021\/11\/El-Punt-\u00d2mnia-romandr\u00e0-tancat-per-vacances-del-8-al-22-de-noevmbre-del-2021.1-624x624.png 624w, https:\/\/bloc.xarxa-omnia.org\/laseu\/files\/2021\/11\/El-Punt-\u00d2mnia-romandr\u00e0-tancat-per-vacances-del-8-al-22-de-noevmbre-del-2021.1.png 1080w\" sizes=\"auto, (max-width: 300px) 100vw, 300px\" \/><\/a><\/p>\n","protected":false},"excerpt":{"rendered":"<p>El Punt \u00d2mnia romandr\u00e0 TANCAT del 8 al 22 de novembre. Tornarem a estar operatius dimarts 23 de novembre. Disculpeu les mol\u00e8sties i ens posarem amb contacte amb vosaltres a la tornada. Gr\u00e0cies<\/p>\n","protected":false},"author":92,"featured_media":0,"comment_status":"open","ping_status":"open","sticky":false,"template":"","format":"standard","meta":{"ngg_post_thumbnail":0,"footnotes":""},"categories":[1],"tags":[],"class_list":["post-2421","post","type-post","status-publish","format-standard","hentry","category-general"],"_links":{"self":[{"href":"https:\/\/bloc.xarxa-omnia.org\/laseu\/wp-json\/wp\/v2\/posts\/2421","targetHints":{"allow":["GET"]}}],"collection":[{"href":"https:\/\/bloc.xarxa-omnia.org\/laseu\/wp-json\/wp\/v2\/posts"}],"about":[{"href":"https:\/\/bloc.xarxa-omnia.org\/laseu\/wp-json\/wp\/v2\/types\/post"}],"author":[{"embeddable":true,"href":"https:\/\/bloc.xarxa-omnia.org\/laseu\/wp-json\/wp\/v2\/users\/92"}],"replies":[{"embeddable":true,"href":"https:\/\/bloc.xarxa-omnia.org\/laseu\/wp-json\/wp\/v2\/comments?post=2421"}],"version-history":[{"count":1,"href":"https:\/\/bloc.xarxa-omnia.org\/laseu\/wp-json\/wp\/v2\/posts\/2421\/revisions"}],"predecessor-version":[{"id":2423,"href":"https:\/\/bloc.xarxa-omnia.org\/laseu\/wp-json\/wp\/v2\/posts\/2421\/revisions\/2423"}],"wp:attachment":[{"href":"https:\/\/bloc.xarxa-omnia.org\/laseu\/wp-json\/wp\/v2\/media?parent=2421"}],"wp:term":[{"taxonomy":"category","embeddable":true,"href":"https:\/\/bloc.xarxa-omnia.org\/laseu\/wp-json\/wp\/v2\/categories?post=2421"},{"taxonomy":"post_tag","embeddable":true,"href":"https:\/\/bloc.xarxa-omnia.org\/laseu\/wp-json\/wp\/v2\/tags?post=2421"}],"curies":[{"name":"wp","href":"https:\/\/api.w.org\/{rel}","templated":true}]}}