{"id":2425,"date":"2021-11-23T17:20:17","date_gmt":"2021-11-23T16:20:17","guid":{"rendered":"http:\/\/bloc.xarxa-omnia.org\/laseu\/?p=2425"},"modified":"2021-11-23T17:53:06","modified_gmt":"2021-11-23T16:53:06","slug":"tallers-de-tecnologia-per-trencar-la-fractura-digital","status":"publish","type":"post","link":"https:\/\/bloc.xarxa-omnia.org\/laseu\/2021\/11\/23\/tallers-de-tecnologia-per-trencar-la-fractura-digital\/","title":{"rendered":"TALLERS DE TECNOLOGIA PER TRENCAR LA FRACTURA DIGITAL"},"content":{"rendered":"<p>Not\u00edcia extreta de Pirineustv<\/p>\n<section class=\"av_textblock_section \">\n<div class=\"avia_textblock  \">\n<p>Els usuaris del Centre Taller Claror disposen de nova tecnologia per al projecte TIC Claror que vol trencar la fractura digital que pateixen les persones amb discapacitat intel\u00b7lectual.<\/p>\n<p>Gr\u00e0cies a l\u2019aportaci\u00f3 econ\u00f2mica de diferents col\u00b7laboradors i entitats a la Fundaci\u00f3 Claror \u2013 Alt Urgell s\u2019ha pogut adquirir nou material. Aquest projecte, que es realitza conjuntament amb l\u2019\u00d3mnia vol afavorir la socialitzaci\u00f3 a trav\u00e9s de la tecnologia.<br \/>\nActualment al taller aprenen a mirar fotos a trav\u00e9s de la tauleta i a fer-ne als objectes que m\u00e9s els agradin del seu voltant.<\/p>\n<p>Pr\u00f2ximament sortiran a la Seu per fotografiar-la des del seu punt de vista<\/p>\n<p>Actualment el taller es divideix entre els usuaris del Centre Ocupacional i els de la Llar residencia.<\/p>\n<p><strong>Parlen al v\u00eddeo: <\/strong>X\u00c8NIA PLANES, EDUCADORA CENTRE TALLER CLAROR &#8211; VERONICA &#8211; GABRIEL &#8211; ESTER COLLADO, RESPONSABLE PUNT \u00d3MNIA<\/p>\n<\/div>\n<\/section>\n<p>Per mirar el v\u00eddeo, clica a l&#8217;enlla\u00e7.<br \/>\nGr\u00e0cies per la feina @tallerclaror i gr\u00e0cies per l&#8217;entrevista @tvpirineus<br \/>\n<a href=\"https:\/\/www.pirineustv.cat\/2021\/10\/22\/tallers-de-tecnologia-per-trencar-la-fractura-digital\/?utm_term=Autofeed&amp;utm_medium=Social&amp;utm_source=Facebook&amp;fbclid=IwAR2nHeXyUNwv7gixPM0AozYAePFuZTps2d1odIDN6p3ct9eflJ7RPFZxASU#Echobox=1634948655\" target=\"_blank\" rel=\"noopener noreferrer\">TALLERS DE TECNOLOGIA PER TRENCAR LA FRACTURA DIGITAL<\/a><br \/>\n<a href=\"http:\/\/bloc.xarxa-omnia.org\/laseu\/files\/2021\/11\/22-10-21-a.jpg\"><img loading=\"lazy\" decoding=\"async\" class=\"alignnone size-medium wp-image-2426\" src=\"http:\/\/bloc.xarxa-omnia.org\/laseu\/files\/2021\/11\/22-10-21-a-300x168.jpg\" alt=\"\" width=\"300\" height=\"168\" srcset=\"https:\/\/bloc.xarxa-omnia.org\/laseu\/files\/2021\/11\/22-10-21-a-300x168.jpg 300w, https:\/\/bloc.xarxa-omnia.org\/laseu\/files\/2021\/11\/22-10-21-a-768x429.jpg 768w, https:\/\/bloc.xarxa-omnia.org\/laseu\/files\/2021\/11\/22-10-21-a-624x349.jpg 624w, https:\/\/bloc.xarxa-omnia.org\/laseu\/files\/2021\/11\/22-10-21-a.jpg 845w\" sizes=\"auto, (max-width: 300px) 100vw, 300px\" \/><\/a><\/p>\n","protected":false},"excerpt":{"rendered":"<p>Not\u00edcia extreta de Pirineustv Els usuaris del Centre Taller Claror disposen de nova tecnologia per al projecte TIC Claror que vol trencar la fractura digital que pateixen les persones amb discapacitat intel\u00b7lectual. Gr\u00e0cies a l\u2019aportaci\u00f3 econ\u00f2mica de diferents col\u00b7laboradors i entitats a la Fundaci\u00f3 Claror \u2013 Alt Urgell s\u2019ha pogut adquirir nou material. Aquest projecte, [&hellip;]<\/p>\n","protected":false},"author":92,"featured_media":0,"comment_status":"open","ping_status":"open","sticky":false,"template":"","format":"standard","meta":{"ngg_post_thumbnail":0,"footnotes":""},"categories":[1],"tags":[],"class_list":["post-2425","post","type-post","status-publish","format-standard","hentry","category-general"],"_links":{"self":[{"href":"https:\/\/bloc.xarxa-omnia.org\/laseu\/wp-json\/wp\/v2\/posts\/2425","targetHints":{"allow":["GET"]}}],"collection":[{"href":"https:\/\/bloc.xarxa-omnia.org\/laseu\/wp-json\/wp\/v2\/posts"}],"about":[{"href":"https:\/\/bloc.xarxa-omnia.org\/laseu\/wp-json\/wp\/v2\/types\/post"}],"author":[{"embeddable":true,"href":"https:\/\/bloc.xarxa-omnia.org\/laseu\/wp-json\/wp\/v2\/users\/92"}],"replies":[{"embeddable":true,"href":"https:\/\/bloc.xarxa-omnia.org\/laseu\/wp-json\/wp\/v2\/comments?post=2425"}],"version-history":[{"count":3,"href":"https:\/\/bloc.xarxa-omnia.org\/laseu\/wp-json\/wp\/v2\/posts\/2425\/revisions"}],"predecessor-version":[{"id":2429,"href":"https:\/\/bloc.xarxa-omnia.org\/laseu\/wp-json\/wp\/v2\/posts\/2425\/revisions\/2429"}],"wp:attachment":[{"href":"https:\/\/bloc.xarxa-omnia.org\/laseu\/wp-json\/wp\/v2\/media?parent=2425"}],"wp:term":[{"taxonomy":"category","embeddable":true,"href":"https:\/\/bloc.xarxa-omnia.org\/laseu\/wp-json\/wp\/v2\/categories?post=2425"},{"taxonomy":"post_tag","embeddable":true,"href":"https:\/\/bloc.xarxa-omnia.org\/laseu\/wp-json\/wp\/v2\/tags?post=2425"}],"curies":[{"name":"wp","href":"https:\/\/api.w.org\/{rel}","templated":true}]}}