{"id":2446,"date":"2022-01-17T10:13:27","date_gmt":"2022-01-17T09:13:27","guid":{"rendered":"http:\/\/bloc.xarxa-omnia.org\/laseu\/?p=2446"},"modified":"2022-01-17T10:13:52","modified_gmt":"2022-01-17T09:13:52","slug":"programacio-hivern-2022","status":"publish","type":"post","link":"https:\/\/bloc.xarxa-omnia.org\/laseu\/2022\/01\/17\/programacio-hivern-2022\/","title":{"rendered":"PROGRAMACI\u00d3 HIVERN 2022"},"content":{"rendered":"<p>Nova programaci\u00f3 amb compet\u00e8ncies digitals al Punt \u00d2mnia de La Seu d&#8217;Urgell.<br>\nLes inscripcions s\u00f3n \u00fanicament amb l\u00ednia el 24 i 25 de gener des de la web <a href=\"https:\/\/www.laseu.cat\/tramits-i-serveis\/inscripcions\">https:\/\/www.laseu.cat\/tramits-i-serveis\/inscripcions<\/a> a partir de les 9 del mat\u00ed.<\/p>\n<p>Els tallers s\u00f3n:<br>\n<strong><br>\nTALLERS PROGRAMATS PRESENCIALS<\/strong><\/p>\n<p>\u2022 PRIMERS PASSOS A LA INFORM\u00c0TICA -PROCESSADOR DE TEXT<br>\nIniciaci\u00f3 al processador de textos \u2013 Adre\u00e7at a persones amb nivell 0 en inform\u00e0tica. Els dilluns de 10 a 11:30 h.<\/p>\n<p>\u2022 FOTOGRAFIA DIGITAL \u2013 Vols aprendre a fer fotografies amb el teu m\u00f2bil, c\u00e0mera o tauleta? Vols aprendre a descarregar-les i saber qu\u00e8 pots fer amb elles? (Cal portar el m\u00f2bil, c\u00e0mera o tauleta). Els dimarts de 15:30 a 17 h.<\/p>\n<p>\u2022 MOU-TE PEL M\u00d2BIL \u2013 Porta el teu tel\u00e8fon intel\u00b7ligent (smartphone) i apr\u00e8n a fer-lo anar. Les persones inscrites han de portar el seu tel\u00e8fon intel\u00b7ligent. Els dimecres de 15:30 a 17 h. (Comen\u00e7a dimecres 9 de febrer)<\/p>\n<p>\u2022 MOU-TE PEL M\u00d2BIL \u2013 Porta el teu tel\u00e8fon intel\u00b7ligent (smartphone) i apr\u00e8n a fer-lo anar. Les persones inscrites han de portar el seu tel\u00e8fon intel\u00b7ligent.Els divendres De 10 a 11:30 h.<\/p>\n<p><strong>TALLERS PROGRAMATS AMB L\u00cdNIA<\/strong><\/p>\n<p>\u2022 N\u00daVOL \u2013 Coneix els avantatges d\u2019aquest sistema i treu-ne el m\u00e0xim rendiment. Els dilluns de 16 a 17:30 h.<br>\n\u2022 ESTIMULACI\u00d3 COGNITIVA &#8211; Estimula i treballa la ment. Els dijous de 17 a 18 h. (Comen\u00e7a dijous 10 de febrer)<br>\n\u2022 INSTAGRAM \u2013 Instagramejar? Vols aprendre a fer un \u00fas correcte de l\u2019App Instagram?. Els divendres de 12 a 13h.<\/p>\n\n\n<figure class=\"wp-block-image size-large\"><img loading=\"lazy\" decoding=\"async\" width=\"724\" height=\"1024\" src=\"https:\/\/bloc.xarxa-omnia.org\/laseu\/files\/2022\/01\/Cartell-724x1024.jpg\" alt=\"\" class=\"wp-image-2448\" srcset=\"https:\/\/bloc.xarxa-omnia.org\/laseu\/files\/2022\/01\/Cartell-724x1024.jpg 724w, https:\/\/bloc.xarxa-omnia.org\/laseu\/files\/2022\/01\/Cartell-212x300.jpg 212w, https:\/\/bloc.xarxa-omnia.org\/laseu\/files\/2022\/01\/Cartell-768x1086.jpg 768w, https:\/\/bloc.xarxa-omnia.org\/laseu\/files\/2022\/01\/Cartell-1086x1536.jpg 1086w, https:\/\/bloc.xarxa-omnia.org\/laseu\/files\/2022\/01\/Cartell-624x882.jpg 624w, https:\/\/bloc.xarxa-omnia.org\/laseu\/files\/2022\/01\/Cartell.jpg 1169w\" sizes=\"auto, (max-width: 724px) 100vw, 724px\" \/><\/figure>\n","protected":false},"excerpt":{"rendered":"<p>Nova programaci\u00f3 amb compet\u00e8ncies digitals al Punt \u00d2mnia de La Seu d&#8217;Urgell. Les inscripcions s\u00f3n \u00fanicament amb l\u00ednia el 24 i 25 de gener des de la web https:\/\/www.laseu.cat\/tramits-i-serveis\/inscripcions a partir de les 9 del mat\u00ed. Els tallers s\u00f3n: TALLERS PROGRAMATS PRESENCIALS \u2022 PRIMERS PASSOS A LA INFORM\u00c0TICA -PROCESSADOR DE TEXT Iniciaci\u00f3 al processador de [&hellip;]<\/p>\n","protected":false},"author":92,"featured_media":0,"comment_status":"open","ping_status":"open","sticky":false,"template":"","format":"standard","meta":{"ngg_post_thumbnail":0,"footnotes":""},"categories":[1],"tags":[],"class_list":["post-2446","post","type-post","status-publish","format-standard","hentry","category-general"],"_links":{"self":[{"href":"https:\/\/bloc.xarxa-omnia.org\/laseu\/wp-json\/wp\/v2\/posts\/2446","targetHints":{"allow":["GET"]}}],"collection":[{"href":"https:\/\/bloc.xarxa-omnia.org\/laseu\/wp-json\/wp\/v2\/posts"}],"about":[{"href":"https:\/\/bloc.xarxa-omnia.org\/laseu\/wp-json\/wp\/v2\/types\/post"}],"author":[{"embeddable":true,"href":"https:\/\/bloc.xarxa-omnia.org\/laseu\/wp-json\/wp\/v2\/users\/92"}],"replies":[{"embeddable":true,"href":"https:\/\/bloc.xarxa-omnia.org\/laseu\/wp-json\/wp\/v2\/comments?post=2446"}],"version-history":[{"count":2,"href":"https:\/\/bloc.xarxa-omnia.org\/laseu\/wp-json\/wp\/v2\/posts\/2446\/revisions"}],"predecessor-version":[{"id":2449,"href":"https:\/\/bloc.xarxa-omnia.org\/laseu\/wp-json\/wp\/v2\/posts\/2446\/revisions\/2449"}],"wp:attachment":[{"href":"https:\/\/bloc.xarxa-omnia.org\/laseu\/wp-json\/wp\/v2\/media?parent=2446"}],"wp:term":[{"taxonomy":"category","embeddable":true,"href":"https:\/\/bloc.xarxa-omnia.org\/laseu\/wp-json\/wp\/v2\/categories?post=2446"},{"taxonomy":"post_tag","embeddable":true,"href":"https:\/\/bloc.xarxa-omnia.org\/laseu\/wp-json\/wp\/v2\/tags?post=2446"}],"curies":[{"name":"wp","href":"https:\/\/api.w.org\/{rel}","templated":true}]}}