{"id":247,"date":"2010-01-29T09:04:39","date_gmt":"2010-01-29T08:04:39","guid":{"rendered":"http:\/\/blog.xarxa-omnia.org\/laseu\/?p=247"},"modified":"2010-01-29T09:48:23","modified_gmt":"2010-01-29T08:48:23","slug":"balanc-anual-2009","status":"publish","type":"post","link":"https:\/\/bloc.xarxa-omnia.org\/laseu\/2010\/01\/29\/balanc-anual-2009\/","title":{"rendered":"Balan\u00e7 Anual 2009"},"content":{"rendered":"<p style=\"text-align: justify\">Nota de premsa<\/p>\n<p style=\"text-align: justify\"><span style=\"font-size: small\">El Punt \u00d2mnia de la Seu d&#8217;Urgell ha iniciat ja una nova programaci\u00f3 trimestral amb un total de 8 nous cursos on hi prenen part una seixantena de persones. Concretament s&#8217;imparteixen cursos d<\/span><span style=\"font-size: small\">e movie maker, fulls de c\u00e0lcul, alfabetitzaci\u00f3 digital, retoc de fotografia i internet per gent gran, tots ells gratu\u00efts i tenen lloc al centre c\u00edvic l&#8217;Escorxador. <\/span><\/p>\n<div style=\"text-align: justify\"><span style=\"font-size: small\">El projecte \u00d2mnia \u00e9s un recurs formatiu on qualsevol persona de qualsevol edat pot iniciar-se o perfeccionar-se en el m\u00f3n de les noves tecnologies. Al respecte, la dinamitzadora del Punt \u00d2mnia de la Seu, <\/span><span style=\"font-size: small\"><strong>Ester <\/strong><\/span><span style=\"font-size: small\"><strong>Collado<\/strong><\/span><span style=\"font-size: small\">, ha manifestat que <\/span><span style=\"font-size: small\"><strong>\u201cestic molt orgullosa de cadascuna de les persones que fa servir el nostre recurs, ja que fan un esfor\u00e7 molt important, no nom\u00e9s per assistir cada dia a les classes sin\u00f3 tamb\u00e9 pel seu esperit de superaci\u00f3\u201d<\/strong><\/span><span style=\"font-size: small\">. <\/span><\/div>\n<div style=\"text-align: justify\"><span style=\"font-size: small\">Per la seva part, la regidora de Serveis Socials del Consistori urgellenc, <\/span><span style=\"font-size: small\"><strong>Anna<\/strong><\/span><span style=\"font-size: small\"><strong> Vives<\/strong><\/span><span style=\"font-size: small\">, ha remarcat que el Punt \u00d2mnia \u00e9s un recurs molt proper. <\/span><span style=\"font-size: small\"><strong>\u201cTothom pot accedir-hi; la feina que s&#8217;hi fa \u00e9s realment agra\u00efda pel fet de veure persones que mai han tingut cap tipus de contacte amb les noves tecnologies i que de cop i volta entren en una dimensi\u00f3 totalment desconeguda per elles fins el moment\u201d<\/strong><\/span><span style=\"font-size: small\">, afirma <\/span><span style=\"font-size: small\"><strong>Vives. <\/strong><\/span><span style=\"font-size: small\">La regidora de Serveis Socials de la Seu tamb\u00e9 ha afegit que<\/span><span style=\"font-size: small\"><strong> \u201cl&#8217;augment anual d&#8217;usos ens constata que s&#8217;hi est\u00e0 fent una bona feina, tant a nivell de continguts i programaci\u00f3 com de dinamitzaci\u00f3\u201d<\/strong><\/span><span style=\"font-size: small\">. <\/span><\/div>\n<p style=\"text-align: justify\"><span style=\"font-size: small\"><strong>Balan\u00e7 del 2009<\/strong><\/span><\/p>\n<div style=\"text-align: justify\"><span style=\"font-size: small\">El Punt \u00d2mnia de la Seu d&#8217;Urgell ha registrat durant l&#8217;any 2009 un total de <\/span><span style=\"font-size: small\"><strong>9.310 usos<\/strong><\/span><span style=\"font-size: small\">, augmentant sensiblement respecte l&#8217;any 2008. Les dones s\u00f3n el col\u00b7lectiu que continuen usant m\u00e9s aquest recurs, mentre que les persones amb edats compreses entre els 26 i els 60 anys s\u00f3n les que m\u00e9s \u00fas en fan del Punt \u00d2mnia.<\/span><\/div>\n<div style=\"text-align: justify\"><span style=\"font-size: small\">Cal destacar que es continua treballant amb entitats i col\u00b7lectius com el Taller Claror, el Centre de Dia de Salut Mental, Aspid, Pirmi i el Taller Ocupacional, aix\u00ed com tamb\u00e9 la UEC, l&#8217;Associaci\u00f3 d&#8217;Empresaris de l&#8217;Alt Urgell i el Pla Comarcal d&#8217;Immigraci\u00f3. <\/span><\/div>\n<p style=\"text-align: justify\"><span style=\"font-size: small\">Recordem que l&#8217;espai del Punt \u00d2mnia se cedeix a entitats, associacions i col\u00b7lectius que aix\u00ed ho demanin. <\/span><\/p>\n<p style=\"text-align: justify\"><span style=\"font-size: small\">Aquesta not\u00edcia es pot llegir a :<\/span><\/p>\n<p style=\"text-align: justify\"><span style=\"font-size: small\">Ajuntament de La Seu d&#8217;Urgell<br \/>\n<\/span><\/p>\n<p><a href=\"http:\/\/www.laseu.cat\/ajuntament\/gabinet-de-premsa\/noticies\/el-punt-omnia-de-la-seu-engega-nova-programacio-trimestral-amb-8-nous-cursos\">http:\/\/www.laseu.cat\/ajuntament\/gabinet-de-premsa\/noticies\/el-punt-omnia-de-la-seu-engega-nova-programacio-trimestral-amb-8-nous-cursos<\/a><\/p>\n<p>Radio Seu<\/p>\n<p><a href=\"http:\/\/www.radioseu.cat\/not%C3%ADcies\/Tecnologia\/El+Punt+%C3%92mnia+ofereix+vuit+cursos+de+noves+tecnologies\">http:\/\/www.radioseu.cat\/not%C3%ADcies\/Tecnologia\/El+Punt+%C3%92mnia+ofereix+vuit+cursos+de+noves+tecnologies<\/a><\/p>\n<p>Viure als Pirineus<\/p>\n<p><a href=\"http:\/\/www.viurealspirineus.cat\/not%C3%ADcies\/Educaci%C3%B3\/El+Punt+%C3%92mnia+engega+vuit+nou+cursos\">http:\/\/www.viurealspirineus.cat\/not%C3%ADcies\/Educaci%C3%B3\/El+Punt+%C3%92mnia+engega+vuit+nou+cursos<\/a><\/p>\n<p><!--[if gte mso 9]&gt;  Normal 0 21   false false false        MicrosoftInternetExplorer4  &lt;![endif]--><!--[if gte mso 9]&gt;   &lt;![endif]--><\/p>\n","protected":false},"excerpt":{"rendered":"<p>Nota de premsa El Punt \u00d2mnia de la Seu d&#8217;Urgell ha iniciat ja una nova programaci\u00f3 trimestral amb un total de 8 nous cursos on hi prenen part una seixantena de persones. Concretament s&#8217;imparteixen cursos de movie maker, fulls de c\u00e0lcul, alfabetitzaci\u00f3 digital, retoc de fotografia i internet per gent gran, tots ells gratu\u00efts i [&hellip;]<\/p>\n","protected":false},"author":92,"featured_media":0,"comment_status":"open","ping_status":"open","sticky":false,"template":"","format":"standard","meta":{"ngg_post_thumbnail":0,"footnotes":""},"categories":[1],"tags":[570,234,411,543,571,406],"class_list":["post-247","post","type-post","status-publish","format-standard","hentry","category-general","tag-alfabetitzacio-digital","tag-formacio","tag-noticies","tag-premsa","tag-tecnologes","tag-tic"],"_links":{"self":[{"href":"https:\/\/bloc.xarxa-omnia.org\/laseu\/wp-json\/wp\/v2\/posts\/247","targetHints":{"allow":["GET"]}}],"collection":[{"href":"https:\/\/bloc.xarxa-omnia.org\/laseu\/wp-json\/wp\/v2\/posts"}],"about":[{"href":"https:\/\/bloc.xarxa-omnia.org\/laseu\/wp-json\/wp\/v2\/types\/post"}],"author":[{"embeddable":true,"href":"https:\/\/bloc.xarxa-omnia.org\/laseu\/wp-json\/wp\/v2\/users\/92"}],"replies":[{"embeddable":true,"href":"https:\/\/bloc.xarxa-omnia.org\/laseu\/wp-json\/wp\/v2\/comments?post=247"}],"version-history":[{"count":6,"href":"https:\/\/bloc.xarxa-omnia.org\/laseu\/wp-json\/wp\/v2\/posts\/247\/revisions"}],"predecessor-version":[{"id":249,"href":"https:\/\/bloc.xarxa-omnia.org\/laseu\/wp-json\/wp\/v2\/posts\/247\/revisions\/249"}],"wp:attachment":[{"href":"https:\/\/bloc.xarxa-omnia.org\/laseu\/wp-json\/wp\/v2\/media?parent=247"}],"wp:term":[{"taxonomy":"category","embeddable":true,"href":"https:\/\/bloc.xarxa-omnia.org\/laseu\/wp-json\/wp\/v2\/categories?post=247"},{"taxonomy":"post_tag","embeddable":true,"href":"https:\/\/bloc.xarxa-omnia.org\/laseu\/wp-json\/wp\/v2\/tags?post=247"}],"curies":[{"name":"wp","href":"https:\/\/api.w.org\/{rel}","templated":true}]}}