{"id":2472,"date":"2022-05-10T09:31:22","date_gmt":"2022-05-10T08:31:22","guid":{"rendered":"http:\/\/bloc.xarxa-omnia.org\/laseu\/?p=2472"},"modified":"2022-05-10T09:32:43","modified_gmt":"2022-05-10T08:32:43","slug":"mobileweeklaseu22","status":"publish","type":"post","link":"https:\/\/bloc.xarxa-omnia.org\/laseu\/2022\/05\/10\/mobileweeklaseu22\/","title":{"rendered":"#MobileWeeklaseu22"},"content":{"rendered":"<p>Aquest any <span class=\"hiddenGrammarError\">La<\/span> Seu d&#8217;Urgell torna a participar en la setmana del #mweekcat22.<br>El Punt <span class=\"hiddenSpellError\">\u00d2mnia<\/span> \u00e9s una part important d&#8217;aquest esdeveniment tecnol\u00f2gic que t\u00e9 com a objectius<br>\u2022 Apropar als ciutadans una reflexi\u00f3 oberta al voltant de la transformaci\u00f3 digital i la tecnologia m\u00f2bil.<br>\u2022 Abordar els reptes, els l\u00edmits i les oportunitats de la transformaci\u00f3 digital en espais de la ciutat.<br>\u2022 Fer arribar l&#8217;impacte del MWC a tot el territori, de manera que el debat sobre la revoluci\u00f3 digital s&#8217;estengui a tot Catalunya.<\/p>\n<p>I justament partint d&#8217;aquests prop\u00f2sits, fem un programa d&#8217;activitats, tallers, confer\u00e8ncies<span class=\"hiddenGreenError\">, &#8230;etc<\/span>, on TOTHOM t\u00e9 cabuda.<\/p>\n<p>Us deixo aqu\u00ed el programa d&#8217;activitats que es faran a la Seu durant aquesta setmana<a href=\"https:\/\/mweek.com\/ca\/events\/list\/?tribe_tags%5B0%5D=17&amp;tribe_city%5B0%5D=359-2233-2254-2258-2264-2277-2281-2285-2287-2291-2301-3753\"> https:\/\/mweek.com\/ca\/events\/list\/?tribe_tags%5B0%5D=17&amp;tribe_city%5B0%5D=359-2233-2254-2258-2264-2277-2281-2285-2287-2291-2301-3753<\/a><\/p>\n<p>Part d&#8217;aquestes activitats s\u00f3n unes xerrades pensades i dirigides a fam\u00edlies amb infants i adolescents envers el tema de pantalles, seguretat, ciberassetjament&#8230;. on molts professionals hem treballat amb xarxa i sumant esfor\u00e7os hem pogut veure la import\u00e0ncia de treballar per la ciutadania.<\/p>\n<p>Dins de les xerrades que ens faran per fam\u00edlies, van veure la possibilitat de fer un recull de &#8220;recomanacions&#8221; sobre l&#8217;\u00fas de pantalles per edats i aqu\u00ed el teniu, esperant que sigui de profit.<\/p>\n\n\n<figure class=\"wp-block-image size-large\"><img loading=\"lazy\" decoding=\"async\" width=\"3580\" height=\"2552\" src=\"http:\/\/bloc.xarxa-omnia.org\/laseu\/files\/2022\/05\/Recomanacions-\u00fas-pantalles-1.jpg\" alt=\"\" class=\"wp-image-2474\" \/><\/figure>\n\n\n\n<figure class=\"wp-block-image size-large\"><img loading=\"lazy\" decoding=\"async\" width=\"3580\" height=\"2552\" src=\"http:\/\/bloc.xarxa-omnia.org\/laseu\/files\/2022\/05\/Recomanacions-\u00fas-pantalles-2.jpg\" alt=\"\" class=\"wp-image-2473\" \/><\/figure>\n","protected":false},"excerpt":{"rendered":"<p>Aquest any La Seu d&#8217;Urgell torna a participar en la setmana del #mweekcat22.El Punt \u00d2mnia \u00e9s una part important d&#8217;aquest esdeveniment tecnol\u00f2gic que t\u00e9 com a objectius\u2022 Apropar als ciutadans una reflexi\u00f3 oberta al voltant de la transformaci\u00f3 digital i la tecnologia m\u00f2bil.\u2022 Abordar els reptes, els l\u00edmits i les oportunitats de la transformaci\u00f3 digital [&hellip;]<\/p>\n","protected":false},"author":92,"featured_media":0,"comment_status":"open","ping_status":"open","sticky":false,"template":"","format":"standard","meta":{"ngg_post_thumbnail":0,"footnotes":""},"categories":[1],"tags":[],"class_list":["post-2472","post","type-post","status-publish","format-standard","hentry","category-general"],"_links":{"self":[{"href":"https:\/\/bloc.xarxa-omnia.org\/laseu\/wp-json\/wp\/v2\/posts\/2472","targetHints":{"allow":["GET"]}}],"collection":[{"href":"https:\/\/bloc.xarxa-omnia.org\/laseu\/wp-json\/wp\/v2\/posts"}],"about":[{"href":"https:\/\/bloc.xarxa-omnia.org\/laseu\/wp-json\/wp\/v2\/types\/post"}],"author":[{"embeddable":true,"href":"https:\/\/bloc.xarxa-omnia.org\/laseu\/wp-json\/wp\/v2\/users\/92"}],"replies":[{"embeddable":true,"href":"https:\/\/bloc.xarxa-omnia.org\/laseu\/wp-json\/wp\/v2\/comments?post=2472"}],"version-history":[{"count":2,"href":"https:\/\/bloc.xarxa-omnia.org\/laseu\/wp-json\/wp\/v2\/posts\/2472\/revisions"}],"predecessor-version":[{"id":2477,"href":"https:\/\/bloc.xarxa-omnia.org\/laseu\/wp-json\/wp\/v2\/posts\/2472\/revisions\/2477"}],"wp:attachment":[{"href":"https:\/\/bloc.xarxa-omnia.org\/laseu\/wp-json\/wp\/v2\/media?parent=2472"}],"wp:term":[{"taxonomy":"category","embeddable":true,"href":"https:\/\/bloc.xarxa-omnia.org\/laseu\/wp-json\/wp\/v2\/categories?post=2472"},{"taxonomy":"post_tag","embeddable":true,"href":"https:\/\/bloc.xarxa-omnia.org\/laseu\/wp-json\/wp\/v2\/tags?post=2472"}],"curies":[{"name":"wp","href":"https:\/\/api.w.org\/{rel}","templated":true}]}}