{"id":264,"date":"2010-02-15T10:49:54","date_gmt":"2010-02-15T09:49:54","guid":{"rendered":"http:\/\/blog.xarxa-omnia.org\/laseu\/?p=264"},"modified":"2010-02-15T12:38:22","modified_gmt":"2010-02-15T11:38:22","slug":"posat-al-dia","status":"publish","type":"post","link":"https:\/\/bloc.xarxa-omnia.org\/laseu\/2010\/02\/15\/posat-al-dia\/","title":{"rendered":"Posa&#8217;t al dia"},"content":{"rendered":"<p>Aquest ser\u00e0 un espai on quedaran registrades les diferents revistes amb les que el Punt \u00d2mnia hi participa.<\/p>\n<p>En concret la revista <strong><span style=\"color: #ff0000\">Sol i Lluna<\/span><\/strong> del Centre de dia de Salut Mental de la Fundaci\u00f3 St Hospital de la Seu d&#8217;Urgell i que surt cada canvi d&#8217;estaci\u00f3, i tamb\u00e9 la revista anual del Taller Claror amb el nom de <strong><span style=\"color: #ff0000\">Claror<\/span><\/strong><span style=\"color: #ff0000\">&#8211;<strong> Associaci\u00f3 Pro Minusv\u00e0lids de l&#8217;Alt Urgell.<\/strong><\/span><\/p>\n<p>A partir d&#8217;avui les revistes que fem a \u00d2mnia quedaran penjades a la xarxa per a que tothom pugui veure la feina que es fa a m\u00e9s de fer tallers d&#8217;alfabetitzaci\u00f3 digital, multim\u00e8dia o informacional.<\/p>\n<p>He fet un espai a la columna de la dreta\u00a0 i dins de la l&#8217;apartat de Categories que es diu <strong><span style=\"color: #0000ff\">Revistes. <\/span><\/strong><span style=\"color: #0000ff\"><span style=\"color: #000000\">Nom\u00e9s cal que facis un clik a la portada.<\/span><\/span><\/p>\n<p><a name=\"http:\/\/issuu.com\/xarxa-omnia\/docs\/revista\"><\/a><a href=\"http:\/\/issuu.com\/xarxa-omnia\/docs\/revista\"><img loading=\"lazy\" decoding=\"async\" class=\"aligncenter size-medium wp-image-268\" src=\"http:\/\/xarxaomnia.gencat.cat\/blocs\/laseu\/files\/2010\/02\/revista-salut-mental1-209x300.jpg\" alt=\"revista-salut-mental1\" width=\"209\" height=\"300\" srcset=\"https:\/\/bloc.xarxa-omnia.org\/laseu\/files\/2010\/02\/revista-salut-mental1-209x300.jpg 209w, https:\/\/bloc.xarxa-omnia.org\/laseu\/files\/2010\/02\/revista-salut-mental1.jpg 312w\" sizes=\"auto, (max-width: 209px) 100vw, 209px\" \/><\/a><\/p>\n","protected":false},"excerpt":{"rendered":"<p>Aquest ser\u00e0 un espai on quedaran registrades les diferents revistes amb les que el Punt \u00d2mnia hi participa. En concret la revista Sol i Lluna del Centre de dia de Salut Mental de la Fundaci\u00f3 St Hospital de la Seu d&#8217;Urgell i que surt cada canvi d&#8217;estaci\u00f3, i tamb\u00e9 la revista anual del Taller Claror [&hellip;]<\/p>\n","protected":false},"author":92,"featured_media":0,"comment_status":"open","ping_status":"open","sticky":false,"template":"","format":"standard","meta":{"ngg_post_thumbnail":0,"footnotes":""},"categories":[579],"tags":[570,331,4305],"class_list":["post-264","post","type-post","status-publish","format-standard","hentry","category-revistes","tag-alfabetitzacio-digital","tag-discapacitat","tag-revistes"],"_links":{"self":[{"href":"https:\/\/bloc.xarxa-omnia.org\/laseu\/wp-json\/wp\/v2\/posts\/264","targetHints":{"allow":["GET"]}}],"collection":[{"href":"https:\/\/bloc.xarxa-omnia.org\/laseu\/wp-json\/wp\/v2\/posts"}],"about":[{"href":"https:\/\/bloc.xarxa-omnia.org\/laseu\/wp-json\/wp\/v2\/types\/post"}],"author":[{"embeddable":true,"href":"https:\/\/bloc.xarxa-omnia.org\/laseu\/wp-json\/wp\/v2\/users\/92"}],"replies":[{"embeddable":true,"href":"https:\/\/bloc.xarxa-omnia.org\/laseu\/wp-json\/wp\/v2\/comments?post=264"}],"version-history":[{"count":9,"href":"https:\/\/bloc.xarxa-omnia.org\/laseu\/wp-json\/wp\/v2\/posts\/264\/revisions"}],"predecessor-version":[{"id":275,"href":"https:\/\/bloc.xarxa-omnia.org\/laseu\/wp-json\/wp\/v2\/posts\/264\/revisions\/275"}],"wp:attachment":[{"href":"https:\/\/bloc.xarxa-omnia.org\/laseu\/wp-json\/wp\/v2\/media?parent=264"}],"wp:term":[{"taxonomy":"category","embeddable":true,"href":"https:\/\/bloc.xarxa-omnia.org\/laseu\/wp-json\/wp\/v2\/categories?post=264"},{"taxonomy":"post_tag","embeddable":true,"href":"https:\/\/bloc.xarxa-omnia.org\/laseu\/wp-json\/wp\/v2\/tags?post=264"}],"curies":[{"name":"wp","href":"https:\/\/api.w.org\/{rel}","templated":true}]}}