{"id":2722,"date":"2023-11-21T07:55:15","date_gmt":"2023-11-21T06:55:15","guid":{"rendered":"https:\/\/bloc.xarxa-omnia.org\/laseu\/?p=2722"},"modified":"2023-11-21T07:57:08","modified_gmt":"2023-11-21T06:57:08","slug":"befuture-a-laseu","status":"publish","type":"post","link":"https:\/\/bloc.xarxa-omnia.org\/laseu\/2023\/11\/21\/befuture-a-laseu\/","title":{"rendered":"BeFuture a #laseu"},"content":{"rendered":"\n<p>Del 22 al 24 de novembre, arriba a <a href=\"https:\/\/www.facebook.com\/hashtag\/laseu?__eep__=6&amp;__cft__[0]=AZVTivnzuZ5SdsvFMnDMPYywn34CF0_cvPc_k8N48_45qjwx3JdPTDW0abpO0Pw8QsryrclzyJd_PWbWzLdvefV-spcUIxtPEO1FnY0NiP-0vuNvRIecgfNcFvM66-nw9e-82qqkk6Z8DkDtDxEZ1yyav_xQKDnCpljQAY_Y_XJABA&amp;__tn__=*NK-R]-R\">#laseu<\/a> el BeFuture.<\/p>\n\n\n\n<p>BeFuture \u00e9s un festival tecnol\u00f2gic de Mobile World Capital Barcelona que t\u00e9 com a objectiu transmetre al p\u00fablic experi\u00e8ncies tecnol\u00f2giques \u00faniques que s&#8217;han presentat al MWC Barcelona.<\/p>\n\n\n\n<p>Aquesta vegada arriba a La Seu d&#8217;Urgell del 22 al 24 de novembre amb diferents activitats pels centres escolars i entitats de la nostra ciutat com tamb\u00e9 romandr\u00e0 obert per a tota la ciutadania de 17 a 19 h a la Sala St. Dom\u00e8nec podrem gaudir d&#8217;aquest esdeveniment que poques ciutats catalanes podran tenir.<\/p>\n\n\n\n<p>Experi\u00e8ncies amb realitat virtual, qu\u00e8 \u00e9s el 5G&#8230;i moltes coses m\u00e9s!!!<\/p>\n\n\n\n<p>Mira la web <a rel=\"noreferrer noopener\" href=\"https:\/\/mobileworldcapital.com\/ca\/be-future-la-seu-urgell\/?fbclid=IwAR0SKEhVbG6hwNDJOhiSEze7t2fDydxkT26ELRk8aBrV5qRVy9BVUQp2Q_I\" target=\"_blank\">https:\/\/mobileworldcapital.com\/ca\/be-future-la-seu-urgell\/<\/a> per saber una mica m\u00e9s i no dubtis, vine a con\u00e8ixer el <a href=\"https:\/\/www.facebook.com\/hashtag\/befuturelaseu?__eep__=6&amp;__cft__[0]=AZVTivnzuZ5SdsvFMnDMPYywn34CF0_cvPc_k8N48_45qjwx3JdPTDW0abpO0Pw8QsryrclzyJd_PWbWzLdvefV-spcUIxtPEO1FnY0NiP-0vuNvRIecgfNcFvM66-nw9e-82qqkk6Z8DkDtDxEZ1yyav_xQKDnCpljQAY_Y_XJABA&amp;__tn__=*NK-R]-R\">#BeFutureLaSeu<\/a><a href=\"https:\/\/www.facebook.com\/hashtag\/sempreendavant?__eep__=6&amp;__cft__[0]=AZVTivnzuZ5SdsvFMnDMPYywn34CF0_cvPc_k8N48_45qjwx3JdPTDW0abpO0Pw8QsryrclzyJd_PWbWzLdvefV-spcUIxtPEO1FnY0NiP-0vuNvRIecgfNcFvM66-nw9e-82qqkk6Z8DkDtDxEZ1yyav_xQKDnCpljQAY_Y_XJABA&amp;__tn__=*NK-R]-R\"> <\/a><a href=\"https:\/\/www.facebook.com\/hashtag\/sempreendavant?__eep__=6&amp;__cft__[0]=AZVTivnzuZ5SdsvFMnDMPYywn34CF0_cvPc_k8N48_45qjwx3JdPTDW0abpO0Pw8QsryrclzyJd_PWbWzLdvefV-spcUIxtPEO1FnY0NiP-0vuNvRIecgfNcFvM66-nw9e-82qqkk6Z8DkDtDxEZ1yyav_xQKDnCpljQAY_Y_XJABA&amp;__tn__=*NK-R]-R\">#sempreendavant<\/a><a href=\"https:\/\/www.facebook.com\/hashtag\/tic?__eep__=6&amp;__cft__[0]=AZVTivnzuZ5SdsvFMnDMPYywn34CF0_cvPc_k8N48_45qjwx3JdPTDW0abpO0Pw8QsryrclzyJd_PWbWzLdvefV-spcUIxtPEO1FnY0NiP-0vuNvRIecgfNcFvM66-nw9e-82qqkk6Z8DkDtDxEZ1yyav_xQKDnCpljQAY_Y_XJABA&amp;__tn__=*NK-R]-R\"> <\/a><a href=\"https:\/\/www.facebook.com\/hashtag\/tic?__eep__=6&amp;__cft__[0]=AZVTivnzuZ5SdsvFMnDMPYywn34CF0_cvPc_k8N48_45qjwx3JdPTDW0abpO0Pw8QsryrclzyJd_PWbWzLdvefV-spcUIxtPEO1FnY0NiP-0vuNvRIecgfNcFvM66-nw9e-82qqkk6Z8DkDtDxEZ1yyav_xQKDnCpljQAY_Y_XJABA&amp;__tn__=*NK-R]-R\">#tic<\/a><a href=\"https:\/\/www.facebook.com\/hashtag\/%C3%B2mniaseu?__eep__=6&amp;__cft__[0]=AZVTivnzuZ5SdsvFMnDMPYywn34CF0_cvPc_k8N48_45qjwx3JdPTDW0abpO0Pw8QsryrclzyJd_PWbWzLdvefV-spcUIxtPEO1FnY0NiP-0vuNvRIecgfNcFvM66-nw9e-82qqkk6Z8DkDtDxEZ1yyav_xQKDnCpljQAY_Y_XJABA&amp;__tn__=*NK-R]-R\"> <\/a><a href=\"https:\/\/www.facebook.com\/hashtag\/%C3%B2mniaseu?__eep__=6&amp;__cft__[0]=AZVTivnzuZ5SdsvFMnDMPYywn34CF0_cvPc_k8N48_45qjwx3JdPTDW0abpO0Pw8QsryrclzyJd_PWbWzLdvefV-spcUIxtPEO1FnY0NiP-0vuNvRIecgfNcFvM66-nw9e-82qqkk6Z8DkDtDxEZ1yyav_xQKDnCpljQAY_Y_XJABA&amp;__tn__=*NK-R]-R\">#\u00f2mniaseu<\/a><\/p>\n\n\n\n<p>Amb la col\u00b7laboraci\u00f3 de @gencat, @ajlaseu, @xarxa_omnia @peelaseu <\/p>\n\n\n\n<p>BeFutureLaSeu #tecnologia #laseu #digitalitzacio #techforgood<br><\/p>\n\n\n\n<figure class=\"wp-block-image size-full\"><a href=\"http:\/\/bloc.xarxa-omnia.org\/laseu\/files\/2023\/11\/La-Seu-dUrgell-CAT-01-3.png\"><img loading=\"lazy\" decoding=\"async\" width=\"2513\" height=\"1263\" src=\"http:\/\/bloc.xarxa-omnia.org\/laseu\/files\/2023\/11\/La-Seu-dUrgell-CAT-01-3.png\" alt=\"\" class=\"wp-image-2723\" \/><\/a><\/figure>\n","protected":false},"excerpt":{"rendered":"<p>Del 22 al 24 de novembre, arriba a #laseu el BeFuture. BeFuture \u00e9s un festival tecnol\u00f2gic de Mobile World Capital Barcelona que t\u00e9 com a objectiu transmetre al p\u00fablic experi\u00e8ncies tecnol\u00f2giques \u00faniques que s&#8217;han presentat al MWC Barcelona. Aquesta vegada arriba a La Seu d&#8217;Urgell del 22 al 24 de novembre amb diferents activitats pels [&hellip;]<\/p>\n","protected":false},"author":92,"featured_media":0,"comment_status":"open","ping_status":"open","sticky":false,"template":"","format":"standard","meta":{"ngg_post_thumbnail":0,"footnotes":""},"categories":[1],"tags":[],"class_list":["post-2722","post","type-post","status-publish","format-standard","hentry","category-general"],"_links":{"self":[{"href":"https:\/\/bloc.xarxa-omnia.org\/laseu\/wp-json\/wp\/v2\/posts\/2722","targetHints":{"allow":["GET"]}}],"collection":[{"href":"https:\/\/bloc.xarxa-omnia.org\/laseu\/wp-json\/wp\/v2\/posts"}],"about":[{"href":"https:\/\/bloc.xarxa-omnia.org\/laseu\/wp-json\/wp\/v2\/types\/post"}],"author":[{"embeddable":true,"href":"https:\/\/bloc.xarxa-omnia.org\/laseu\/wp-json\/wp\/v2\/users\/92"}],"replies":[{"embeddable":true,"href":"https:\/\/bloc.xarxa-omnia.org\/laseu\/wp-json\/wp\/v2\/comments?post=2722"}],"version-history":[{"count":2,"href":"https:\/\/bloc.xarxa-omnia.org\/laseu\/wp-json\/wp\/v2\/posts\/2722\/revisions"}],"predecessor-version":[{"id":2725,"href":"https:\/\/bloc.xarxa-omnia.org\/laseu\/wp-json\/wp\/v2\/posts\/2722\/revisions\/2725"}],"wp:attachment":[{"href":"https:\/\/bloc.xarxa-omnia.org\/laseu\/wp-json\/wp\/v2\/media?parent=2722"}],"wp:term":[{"taxonomy":"category","embeddable":true,"href":"https:\/\/bloc.xarxa-omnia.org\/laseu\/wp-json\/wp\/v2\/categories?post=2722"},{"taxonomy":"post_tag","embeddable":true,"href":"https:\/\/bloc.xarxa-omnia.org\/laseu\/wp-json\/wp\/v2\/tags?post=2722"}],"curies":[{"name":"wp","href":"https:\/\/api.w.org\/{rel}","templated":true}]}}