{"id":2732,"date":"2024-01-10T09:04:15","date_gmt":"2024-01-10T08:04:15","guid":{"rendered":"https:\/\/bloc.xarxa-omnia.org\/laseu\/?p=2732"},"modified":"2024-01-10T09:04:16","modified_gmt":"2024-01-10T08:04:16","slug":"programacio-de-tallers-hivern-2024","status":"publish","type":"post","link":"https:\/\/bloc.xarxa-omnia.org\/laseu\/2024\/01\/10\/programacio-de-tallers-hivern-2024\/","title":{"rendered":"Programaci\u00f3 de tallers hivern 2024"},"content":{"rendered":"\n<p>Ja tenim la nova programaci\u00f3 per aquest nou trimestre gener-mar\u00e7 del 2024.<\/p>\n\n\n\n<p>Les <strong>inscripcions<\/strong> s\u2019han de formalitzar els pr\u00f2xims <strong>dies 15 i 16 de gener<\/strong>, a partir de les 9 del mat\u00ed, des de l\u2019enlla\u00e7: <a href=\"http:\/\/www.laseu.cat\/tramits-i-serveis\/inscripcions\">http:\/\/www.laseu.cat\/tramits-i-serveis\/inscripcions<\/a> Per les persones que ho necessitin es podr\u00e0 fer la inscripci\u00f3 de manera presencial demanant cita pr\u00e8via al tel\u00e8fon 973 35 00 10 (ext.8017) el dia 12 de gener a partir de les 10 del mat\u00ed. Nom\u00e9s es pot fer una inscripci\u00f3 per persona i curs.\u00a0<\/p>\n\n\n\n<p><strong>Els tallers<\/strong>\u00a0s\u00f3n:<\/p>\n\n\n\n<ul class=\"wp-block-list\">\n<li><strong>Alfabetitzaci\u00f3 digital: <\/strong>primers passos a la inform\u00e0tica-iniciaci\u00f3 al processor de textos que s\u2019adre\u00e7a a persones amb nivell 0 en inform\u00e0tica. Els dimarts de 15:30 a 17h. S\u2019inicia dimarts 23 de gener.<\/li>\n\n\n\n<li><strong>Instagram:<\/strong> aprendre a fer un \u00fas correcte d\u2019aquesta App. Els dimecres de 16 a 17h. S\u2019inicia dimecres 24 de gener.<\/li>\n\n\n\n<li><strong>Canva:<\/strong> aprendre fer presentacions, cartells, targetes de visita o publicacions per a xarxes socials. Els dimecres de 17 a 18h. S\u2019inicia dimecres 24 de gener.<\/li>\n\n\n\n<li><strong>N\u00favol:<\/strong> Con\u00e8ixer els avantatges d\u2019aquest sistema i treure\u2019n el m\u00e0xim rendiment.&nbsp; Els divendres de 10 a 11:30h. S\u2019inicia divendres 26 de gener.&nbsp;<\/li>\n<\/ul>\n\n\n\n<figure class=\"wp-block-image size-full\"><a href=\"https:\/\/bloc.xarxa-omnia.org\/laseu\/files\/2024\/01\/Cartell-gener.jpg\"><img loading=\"lazy\" decoding=\"async\" width=\"3507\" height=\"4960\" src=\"https:\/\/bloc.xarxa-omnia.org\/laseu\/files\/2024\/01\/Cartell-gener.jpg\" alt=\"\" class=\"wp-image-2733\" \/><\/a><\/figure>\n","protected":false},"excerpt":{"rendered":"<p>Ja tenim la nova programaci\u00f3 per aquest nou trimestre gener-mar\u00e7 del 2024. Les inscripcions s\u2019han de formalitzar els pr\u00f2xims dies 15 i 16 de gener, a partir de les 9 del mat\u00ed, des de l\u2019enlla\u00e7: http:\/\/www.laseu.cat\/tramits-i-serveis\/inscripcions Per les persones que ho necessitin es podr\u00e0 fer la inscripci\u00f3 de manera presencial demanant cita pr\u00e8via al tel\u00e8fon [&hellip;]<\/p>\n","protected":false},"author":92,"featured_media":0,"comment_status":"open","ping_status":"open","sticky":false,"template":"","format":"standard","meta":{"ngg_post_thumbnail":0,"footnotes":""},"categories":[1],"tags":[],"class_list":["post-2732","post","type-post","status-publish","format-standard","hentry","category-general"],"_links":{"self":[{"href":"https:\/\/bloc.xarxa-omnia.org\/laseu\/wp-json\/wp\/v2\/posts\/2732","targetHints":{"allow":["GET"]}}],"collection":[{"href":"https:\/\/bloc.xarxa-omnia.org\/laseu\/wp-json\/wp\/v2\/posts"}],"about":[{"href":"https:\/\/bloc.xarxa-omnia.org\/laseu\/wp-json\/wp\/v2\/types\/post"}],"author":[{"embeddable":true,"href":"https:\/\/bloc.xarxa-omnia.org\/laseu\/wp-json\/wp\/v2\/users\/92"}],"replies":[{"embeddable":true,"href":"https:\/\/bloc.xarxa-omnia.org\/laseu\/wp-json\/wp\/v2\/comments?post=2732"}],"version-history":[{"count":1,"href":"https:\/\/bloc.xarxa-omnia.org\/laseu\/wp-json\/wp\/v2\/posts\/2732\/revisions"}],"predecessor-version":[{"id":2734,"href":"https:\/\/bloc.xarxa-omnia.org\/laseu\/wp-json\/wp\/v2\/posts\/2732\/revisions\/2734"}],"wp:attachment":[{"href":"https:\/\/bloc.xarxa-omnia.org\/laseu\/wp-json\/wp\/v2\/media?parent=2732"}],"wp:term":[{"taxonomy":"category","embeddable":true,"href":"https:\/\/bloc.xarxa-omnia.org\/laseu\/wp-json\/wp\/v2\/categories?post=2732"},{"taxonomy":"post_tag","embeddable":true,"href":"https:\/\/bloc.xarxa-omnia.org\/laseu\/wp-json\/wp\/v2\/tags?post=2732"}],"curies":[{"name":"wp","href":"https:\/\/api.w.org\/{rel}","templated":true}]}}