{"id":2741,"date":"2024-01-31T07:59:12","date_gmt":"2024-01-31T06:59:12","guid":{"rendered":"https:\/\/bloc.xarxa-omnia.org\/laseu\/?p=2741"},"modified":"2024-01-31T07:59:14","modified_gmt":"2024-01-31T06:59:14","slug":"prova-pilot-amb-lassistent-virtual-en-catala-cati-per-a-gent-gran","status":"publish","type":"post","link":"https:\/\/bloc.xarxa-omnia.org\/laseu\/2024\/01\/31\/prova-pilot-amb-lassistent-virtual-en-catala-cati-per-a-gent-gran\/","title":{"rendered":"Prova pilot amb l\u2019assistent virtual en catal\u00e0 Cati per a gent gran"},"content":{"rendered":"\n<p>Not\u00edcia extreta de la web <a href=\"https:\/\/www.laseu.cat\/news\/prova-pilot-amb-l2019assistent-virtual-en-catala-cati-per-a-gent-gran\">https:\/\/www.laseu.cat\/news\/prova-pilot-amb-l2019assistent-virtual-en-catala-cati-per-a-gent-gran<\/a><\/p>\n\n\n\n<p>El Punt \u00d2mnia i l\u2019Ajuntament de la Seu d\u2019Urgell propicien aquesta experi\u00e8ncia entre persones grans i la primera versi\u00f3 de l\u2019assistent creat pel jove alturgellenc Markus Urban.<\/p>\n\n\n\n<p>26-01-2024<\/p>\n\n\n\n<figure class=\"wp-block-image\"><img decoding=\"async\" src=\"https:\/\/www.laseu.cat\/news\/prova-pilot-amb-l2019assistent-virtual-en-catala-cati-per-a-gent-gran\/image_preview\" alt=\"Prova pilot amb l\u2019assistent virtual en catal\u00e0 Cati per a gent gran \" title=\"\" \/><\/figure>\n\n\n\n<p><a href=\"https:\/\/www.laseu.cat\/news\/prova-pilot-amb-l2019assistent-virtual-en-catala-cati-per-a-gent-gran\/image\"><\/a><\/p>\n\n\n\n<p>Un grup de persones grans ha participat aquest dijous al Punt \u00d2mnia de la Seu d\u2019Urgell en una prova pilot amb l\u2019assistent virtual en catal\u00e0 <strong>Cati<\/strong>, dissenyat especialment per a la gent gran pel jove estudiant de l\u2019Alt Urgell, <strong>Markus Urban<\/strong>.&nbsp;<\/p>\n\n\n\n<p>L\u2019experi\u00e8ncia amb aquestes persones grans, de nivells d\u2019experi\u00e8ncia tecnol\u00f2gica diferents que han provat la primera versi\u00f3 de l\u2019assistent virtual Cati, ha proporcionat comentaris i suggeriments molt \u00fatils per millorar-lo. <strong>\u201cAquesta prova pilot ha perm\u00e8s avaluar la implementaci\u00f3 actual i ha fet sorgir moltes idees interessants per ampliar les funcions de l\u2019assistent, que segueix en fase de desenvolupament\u201d<\/strong>, explica <strong>Markus Urban<\/strong>.&nbsp;&nbsp;&nbsp;<\/p>\n\n\n\n<p><strong>Cati, intel\u00b7lig\u00e8ncia artificial al servei de la gent gran<\/strong>&nbsp;<\/p>\n\n\n\n<p>Per la seva part, la dinamitzadora del Punt \u00d2mnia de la Seu d\u2019Urgell, <strong>Ester Collado<\/strong>, remarca que amb la realitzaci\u00f3 d\u2019aquesta prova pilot <strong>\u201chem pogut comprovar la part positiva de la IA\u201d<\/strong>. Collado afegeix al respecte que <strong>\u201cpoder col\u00b7laborar amb Markus Urban ha estat tota una experi\u00e8ncia d\u2019aprenentatge sobre la IA<\/strong>&nbsp; <strong>i el que podem fer per ajudar a les persones grans\u201d<\/strong>.&nbsp;<\/p>\n\n\n\n<p>La dinamitzadora d\u2019\u00d2mnia subratlla de com la necessitat de poder atendre a les persones grans ha fet que aquest jove talent hagi estat capa\u00e7 de crear aquest assistent i, fer de la tecnologia un aliat. <strong>\u201cAra nom\u00e9s cal que Markus Urban acabi de desenvolupar aquesta eina i ens tornarem a trobar per veure els aven\u00e7os i els canvis que hi ha introdu\u00eft i tornarem a saludar a la Cati\u201d<\/strong>.<\/p>\n\n\n\n<p>Ester Collado tamb\u00e9 agraeix al grup de persones que han volgut participar i viure aquesta experi\u00e8ncia amb la Cati.<\/p>\n\n\n\n<p>&nbsp;Recordem que Markus Urban va desenvolupar aquest assistent virtual com a projecte de final de batxillerat amb el qual va guanyar el <strong>premi Exporecerca Jove<\/strong>, guard\u00f3 que li va permetre ser present a la <strong>International Science and Engineering Fair<\/strong> dels Estats Units.<\/p>\n","protected":false},"excerpt":{"rendered":"<p>Not\u00edcia extreta de la web https:\/\/www.laseu.cat\/news\/prova-pilot-amb-l2019assistent-virtual-en-catala-cati-per-a-gent-gran El Punt \u00d2mnia i l\u2019Ajuntament de la Seu d\u2019Urgell propicien aquesta experi\u00e8ncia entre persones grans i la primera versi\u00f3 de l\u2019assistent creat pel jove alturgellenc Markus Urban. 26-01-2024 Un grup de persones grans ha participat aquest dijous al Punt \u00d2mnia de la Seu d\u2019Urgell en una prova pilot amb [&hellip;]<\/p>\n","protected":false},"author":92,"featured_media":0,"comment_status":"open","ping_status":"open","sticky":false,"template":"","format":"standard","meta":{"ngg_post_thumbnail":0,"footnotes":""},"categories":[1],"tags":[],"class_list":["post-2741","post","type-post","status-publish","format-standard","hentry","category-general"],"_links":{"self":[{"href":"https:\/\/bloc.xarxa-omnia.org\/laseu\/wp-json\/wp\/v2\/posts\/2741","targetHints":{"allow":["GET"]}}],"collection":[{"href":"https:\/\/bloc.xarxa-omnia.org\/laseu\/wp-json\/wp\/v2\/posts"}],"about":[{"href":"https:\/\/bloc.xarxa-omnia.org\/laseu\/wp-json\/wp\/v2\/types\/post"}],"author":[{"embeddable":true,"href":"https:\/\/bloc.xarxa-omnia.org\/laseu\/wp-json\/wp\/v2\/users\/92"}],"replies":[{"embeddable":true,"href":"https:\/\/bloc.xarxa-omnia.org\/laseu\/wp-json\/wp\/v2\/comments?post=2741"}],"version-history":[{"count":1,"href":"https:\/\/bloc.xarxa-omnia.org\/laseu\/wp-json\/wp\/v2\/posts\/2741\/revisions"}],"predecessor-version":[{"id":2742,"href":"https:\/\/bloc.xarxa-omnia.org\/laseu\/wp-json\/wp\/v2\/posts\/2741\/revisions\/2742"}],"wp:attachment":[{"href":"https:\/\/bloc.xarxa-omnia.org\/laseu\/wp-json\/wp\/v2\/media?parent=2741"}],"wp:term":[{"taxonomy":"category","embeddable":true,"href":"https:\/\/bloc.xarxa-omnia.org\/laseu\/wp-json\/wp\/v2\/categories?post=2741"},{"taxonomy":"post_tag","embeddable":true,"href":"https:\/\/bloc.xarxa-omnia.org\/laseu\/wp-json\/wp\/v2\/tags?post=2741"}],"curies":[{"name":"wp","href":"https:\/\/api.w.org\/{rel}","templated":true}]}}