{"id":2745,"date":"2024-03-11T09:24:06","date_gmt":"2024-03-11T08:24:06","guid":{"rendered":"https:\/\/bloc.xarxa-omnia.org\/laseu\/?p=2745"},"modified":"2024-03-14T08:06:26","modified_gmt":"2024-03-14T07:06:26","slug":"grafitics-2","status":"publish","type":"post","link":"https:\/\/bloc.xarxa-omnia.org\/laseu\/2024\/03\/11\/grafitics-2\/","title":{"rendered":"GrafiTics"},"content":{"rendered":"\n<p>Ara just fa un any, vam comen\u00e7ar l&#8217;aventura de treballar plegats amb el SIEI de La Salle.<\/p>\n\n\n\n<p>Un treball que ha estat tot un repte i he de dir que ha estat un repte dur per\u00f2 amb un resultat de 10.<\/p>\n\n\n\n<p>La finalitat del projecte era geolocalitzar en un mapa els murals de La Seu i Castellciutat, per tant, es tracta d&#8217;un treball de recerca utilitzant les TIC.<br>\u00c9s un projecte pensat per a l&#8217;alumnat del SIEI de La Salle; joves d&#8217;entre onze i setze anys i estudiants de secund\u00e0ria.<br>Amb aquest treball, hem volgut fomentar el pensament cr\u00edtic digital integrant el pensament computacional, la recerca d&#8217;informaci\u00f3, aix\u00ed com la creativitat i la comunicaci\u00f3.<\/p>\n\n\n\n<p>Amb uns objectius molt clars tant a escala general com espec\u00edfic en l&#8217;\u00e0mbit de les TRIC. Objectiu que hem treballat de valent perqu\u00e8 el projecte tinguis un resultat com el que hem tingut.<\/p>\n\n\n\n<p>Tot aquest treball es pot visualitzar des de dos webs, que \u00e9s on veurem plasmat digitalment tota la feina feta i tamb\u00e9 a escala f\u00edsica amb un mapa on escanejarem QR per cada mural.<\/p>\n\n\n\n<p>Hem de dir que tot aquest treball el vam dividir en tres grans blocs.<br>Bloc I- Treball de camp, fotografiar els murals i geolocalitzar-los.<br>Bloc II- Creaci\u00f3 del llibre i del mapa digital. Retoc d&#8217;imatges. Cercar bibliografia dels\/les muralistes<br>Bloc III- Creaci\u00f3 dels diferents QR i enganxar-los al mapa f\u00edsic. i fabricar la presentaci\u00f3 del projecte<\/p>\n\n\n\n<p>La primera \u00e9s un mapa fet amb l&#8217;eina UMAP per geolocalitzar tots els murals.<\/p>\n\n\n\n<p>Hem agrupat a cada artista amb una xinxeta d&#8217;un mateix color i cada vegada que es clica la xinxeta es pot llegir el nom del\/la artista , el lloc i el nom del mural.<\/p>\n\n\n\n<p><a href=\"https:\/\/umap.openstreetmap.fr\/ca\/map\/grafitics_974738#16\/42.3586\/1.4609\">https:\/\/umap.openstreetmap.fr\/ca\/map\/grafitics_974738#16\/42.3586\/1.4609<\/a><\/p>\n\n\n\n<p><\/p>\n\n\n<p><a href=\"https:\/\/issuu.com\/laseu\/docs\/llibre_grafitics\">https:\/\/issuu.com\/laseu\/docs\/llibre_grafitics<\/a><\/p>\n<p>El grup tamb\u00e9 ha creat un llibre que recull una mica la bibliografia dels\/es artistes amb una imatge, com tamb\u00e9 la finalitat i els objectius treballats durant el taller. Aquest llibre s&#8217;ha creat amb l&#8217;eina del Canva i per fer-ho digital hem fet anar l&#8217;eina de l&#8217;<span class=\"hiddenSpellError\">Issuu<\/span>.<\/p>\n<p><div data-url=\"https:\/\/issuu.com\/laseu\/docs\/llibre_grafitics\" style=\"width: 625px; height: 442px;\" class=\"issuuembed\"><\/div><script type=\"text\/javascript\" src=\"\/\/e.issuu.com\/embed.js\" async=\"true\"><\/script><\/p>\n\n\n<p>Tota aquesta feina ha estat possible gr\u00e0cies a una coordinaci\u00f3 i un treball amb xarxa amb l&#8217;equip educatiu del SIEI.<\/p>\n\n\n\n<p>Ha estat una coordinaci\u00f3 molt \u00e0gil, f\u00e0cil i sobretot molt fluida, amb molt bona comunicaci\u00f3 i, per tant, treballar amb aquestes condicions fa m\u00e9s c\u00f2mode la feina a fer.<br>Des d&#8217;aqu\u00ed agrair a l&#8217;equip educatiu del SIEI, a l&#8217;escola La Salle per la confian\u00e7a i especialment a la Neus i la Tere per la feina feta i sobretot la molt bona comunicaci\u00f3.<br>I com no, agrair als joves l&#8217;esfor\u00e7, el treball i les seves ganes d&#8217;aprendre.<\/p>\n","protected":false},"excerpt":{"rendered":"<p>Ara just fa un any, vam comen\u00e7ar l&#8217;aventura de treballar plegats amb el SIEI de La Salle. Un treball que ha estat tot un repte i he de dir que ha estat un repte dur per\u00f2 amb un resultat de 10. La finalitat del projecte era geolocalitzar en un mapa els murals de La Seu [&hellip;]<\/p>\n","protected":false},"author":92,"featured_media":0,"comment_status":"open","ping_status":"open","sticky":false,"template":"","format":"standard","meta":{"ngg_post_thumbnail":0,"footnotes":""},"categories":[1],"tags":[],"class_list":["post-2745","post","type-post","status-publish","format-standard","hentry","category-general"],"_links":{"self":[{"href":"https:\/\/bloc.xarxa-omnia.org\/laseu\/wp-json\/wp\/v2\/posts\/2745","targetHints":{"allow":["GET"]}}],"collection":[{"href":"https:\/\/bloc.xarxa-omnia.org\/laseu\/wp-json\/wp\/v2\/posts"}],"about":[{"href":"https:\/\/bloc.xarxa-omnia.org\/laseu\/wp-json\/wp\/v2\/types\/post"}],"author":[{"embeddable":true,"href":"https:\/\/bloc.xarxa-omnia.org\/laseu\/wp-json\/wp\/v2\/users\/92"}],"replies":[{"embeddable":true,"href":"https:\/\/bloc.xarxa-omnia.org\/laseu\/wp-json\/wp\/v2\/comments?post=2745"}],"version-history":[{"count":4,"href":"https:\/\/bloc.xarxa-omnia.org\/laseu\/wp-json\/wp\/v2\/posts\/2745\/revisions"}],"predecessor-version":[{"id":2751,"href":"https:\/\/bloc.xarxa-omnia.org\/laseu\/wp-json\/wp\/v2\/posts\/2745\/revisions\/2751"}],"wp:attachment":[{"href":"https:\/\/bloc.xarxa-omnia.org\/laseu\/wp-json\/wp\/v2\/media?parent=2745"}],"wp:term":[{"taxonomy":"category","embeddable":true,"href":"https:\/\/bloc.xarxa-omnia.org\/laseu\/wp-json\/wp\/v2\/categories?post=2745"},{"taxonomy":"post_tag","embeddable":true,"href":"https:\/\/bloc.xarxa-omnia.org\/laseu\/wp-json\/wp\/v2\/tags?post=2745"}],"curies":[{"name":"wp","href":"https:\/\/api.w.org\/{rel}","templated":true}]}}